{"id":287813,"date":"2023-01-09T11:10:04","date_gmt":"2023-01-09T08:10:04","guid":{"rendered":"http:\/\/107.6.182.27\/fr\/?p=287813"},"modified":"2023-01-09T11:10:04","modified_gmt":"2023-01-09T08:10:04","slug":"le-president-bresilien-annonce-la-reprise-du-controle-des-sieges-etatiques-apres-lattaque-des-partisans-de-bolsonaro","status":"publish","type":"post","link":"https:\/\/archive.sana.sy\/fr\/?p=287813","title":{"rendered":"Le pr\u00e9sident br\u00e9silien annonce la reprise du contr\u00f4le des si\u00e8ges \u00e9tatiques apr\u00e8s l\u2019attaque des partisans de Bolsonaro"},"content":{"rendered":"<p>Brasilia &#8211; SANA\/Le pr\u00e9sident br\u00e9silien Luiz In\u00e1cio Lula da Silva a annonc\u00e9 la reprise du travail \u00e0 partir de demain aux bureaux attaqu\u00e9s par des centaines de partisans de l\u2019ancien pr\u00e9sident Jair Bolsonaro.<\/p>\n<p>Cit\u00e9 par l\u2019AFP, da Silva a dit sans un tweet que les fauteurs, qui ont sabot\u00e9 des biens publics \u00e0 Brasilia, sont en train d\u2019\u00eatre identifi\u00e9s et seront punis, soulignant que demain nous reprendrons les travaux au Palais Planalto.<\/p>\n<p>R.Khallouf \/ L.A.<\/p>\n","protected":false},"excerpt":{"rendered":"<p>Brasilia &#8211; SANA\/Le pr\u00e9sident br\u00e9silien Luiz In\u00e1cio Lula da Silva a annonc\u00e9 la reprise du travail \u00e0 partir de demain aux bureaux attaqu\u00e9s par des centaines de partisans de l\u2019ancien pr\u00e9sident Jair Bolsonaro. Cit\u00e9 par l\u2019AFP, da Silva a dit sans un tweet que les fauteurs, qui ont sabot\u00e9 des biens publics \u00e0 Brasilia, sont &hellip;<\/p>\n","protected":false},"author":36,"featured_media":287814,"comment_status":"closed","ping_status":"closed","sticky":false,"template":"","format":"standard","meta":{"footnotes":""},"categories":[5924,458,617],"tags":[],"class_list":["post-287813","post","type-post","status-publish","format-standard","has-post-thumbnail","","category-les-dernieres-nouvelles","category-nouvelles-arabes-et-internationales","category-ticker"],"_links":{"self":[{"href":"https:\/\/archive.sana.sy\/fr\/index.php?rest_route=\/wp\/v2\/posts\/287813"}],"collection":[{"href":"https:\/\/archive.sana.sy\/fr\/index.php?rest_route=\/wp\/v2\/posts"}],"about":[{"href":"https:\/\/archive.sana.sy\/fr\/index.php?rest_route=\/wp\/v2\/types\/post"}],"author":[{"embeddable":true,"href":"https:\/\/archive.sana.sy\/fr\/index.php?rest_route=\/wp\/v2\/users\/36"}],"replies":[{"embeddable":true,"href":"https:\/\/archive.sana.sy\/fr\/index.php?rest_route=%2Fwp%2Fv2%2Fcomments&post=287813"}],"version-history":[{"count":0,"href":"https:\/\/archive.sana.sy\/fr\/index.php?rest_route=\/wp\/v2\/posts\/287813\/revisions"}],"wp:featuredmedia":[{"embeddable":true,"href":"https:\/\/archive.sana.sy\/fr\/index.php?rest_route=\/wp\/v2\/media\/287814"}],"wp:attachment":[{"href":"https:\/\/archive.sana.sy\/fr\/index.php?rest_route=%2Fwp%2Fv2%2Fmedia&parent=287813"}],"wp:term":[{"taxonomy":"category","embeddable":true,"href":"https:\/\/archive.sana.sy\/fr\/index.php?rest_route=%2Fwp%2Fv2%2Fcategories&post=287813"},{"taxonomy":"post_tag","embeddable":true,"href":"https:\/\/archive.sana.sy\/fr\/index.php?rest_route=%2Fwp%2Fv2%2Ftags&post=287813"}],"curies":[{"name":"wp","href":"https:\/\/api.w.org\/{rel}","templated":true}]}}