{"id":287816,"date":"2023-01-09T12:13:26","date_gmt":"2023-01-09T09:13:26","guid":{"rendered":"http:\/\/107.6.182.27\/fr\/?p=287816"},"modified":"2023-01-09T12:13:26","modified_gmt":"2023-01-09T09:13:26","slug":"kannani-les-relations-syro-iraniennes-sont-strategiques-et-profondes","status":"publish","type":"post","link":"https:\/\/archive.sana.sy\/fr\/?p=287816","title":{"rendered":"Kannani : Les relations syro-iraniennes sont strat\u00e9giques et profondes"},"content":{"rendered":"<p>T\u00e9h\u00e9ran-SANA\/ Le porte-parole du minist\u00e8re iranien des Affaires \u00e9trang\u00e8res, Nasser Kanaani, a affirm\u00e9 que les relations syro-iraniennes sont strat\u00e9giques et historiques.<\/p>\n<p>Lors de son point de presse hebdomadaire, Kanaani a indiqu\u00e9 que les pourparlers entre les deux pays sont constructifs et se poursuivent aux plus hauts niveaux diplomatiques.<\/p>\n<p>Concernant la diplomatie ext\u00e9rieure de son pays, Kanaani a r\u00e9affirm\u00e9 que la politique d&#8217;Iran est constante dans le renforcement des relations avec d\u2019autres pays.<\/p>\n<p>&nbsp;<\/p>\n<p>L.S.\/ D.H.<\/p>\n<p>&nbsp;<\/p>\n","protected":false},"excerpt":{"rendered":"<p>T\u00e9h\u00e9ran-SANA\/ Le porte-parole du minist\u00e8re iranien des Affaires \u00e9trang\u00e8res, Nasser Kanaani, a affirm\u00e9 que les relations syro-iraniennes sont strat\u00e9giques et historiques. Lors de son point de presse hebdomadaire, Kanaani a indiqu\u00e9 que les pourparlers entre les deux pays sont constructifs et se poursuivent aux plus hauts niveaux diplomatiques. Concernant la diplomatie ext\u00e9rieure de son pays, &hellip;<\/p>\n","protected":false},"author":32,"featured_media":287817,"comment_status":"closed","ping_status":"closed","sticky":false,"template":"","format":"standard","meta":{"footnotes":""},"categories":[5924,459,458,617],"tags":[14597,2605],"class_list":["post-287816","post","type-post","status-publish","format-standard","has-post-thumbnail","","category-les-dernieres-nouvelles","category-nouvelles-arabe-et-internationale","category-nouvelles-arabes-et-internationales","category-ticker","tag-iran","tag-la-syrie"],"_links":{"self":[{"href":"https:\/\/archive.sana.sy\/fr\/index.php?rest_route=\/wp\/v2\/posts\/287816"}],"collection":[{"href":"https:\/\/archive.sana.sy\/fr\/index.php?rest_route=\/wp\/v2\/posts"}],"about":[{"href":"https:\/\/archive.sana.sy\/fr\/index.php?rest_route=\/wp\/v2\/types\/post"}],"author":[{"embeddable":true,"href":"https:\/\/archive.sana.sy\/fr\/index.php?rest_route=\/wp\/v2\/users\/32"}],"replies":[{"embeddable":true,"href":"https:\/\/archive.sana.sy\/fr\/index.php?rest_route=%2Fwp%2Fv2%2Fcomments&post=287816"}],"version-history":[{"count":0,"href":"https:\/\/archive.sana.sy\/fr\/index.php?rest_route=\/wp\/v2\/posts\/287816\/revisions"}],"wp:featuredmedia":[{"embeddable":true,"href":"https:\/\/archive.sana.sy\/fr\/index.php?rest_route=\/wp\/v2\/media\/287817"}],"wp:attachment":[{"href":"https:\/\/archive.sana.sy\/fr\/index.php?rest_route=%2Fwp%2Fv2%2Fmedia&parent=287816"}],"wp:term":[{"taxonomy":"category","embeddable":true,"href":"https:\/\/archive.sana.sy\/fr\/index.php?rest_route=%2Fwp%2Fv2%2Fcategories&post=287816"},{"taxonomy":"post_tag","embeddable":true,"href":"https:\/\/archive.sana.sy\/fr\/index.php?rest_route=%2Fwp%2Fv2%2Ftags&post=287816"}],"curies":[{"name":"wp","href":"https:\/\/api.w.org\/{rel}","templated":true}]}}