{"id":328430,"date":"2024-12-06T16:16:36","date_gmt":"2024-12-06T13:16:36","guid":{"rendered":"https:\/\/sana.sy\/fr\/?p=328430"},"modified":"2024-12-06T16:16:36","modified_gmt":"2024-12-06T13:16:36","slug":"source-militaire-larmee-arabe-syrienne-est-presente-a-homs-et-dans-sa-banlieue-et-prete-a-repousser-toute-attaque-terroriste","status":"publish","type":"post","link":"https:\/\/archive.sana.sy\/fr\/?p=328430","title":{"rendered":"Source militaire : L&#8217;arm\u00e9e arabe syrienne est pr\u00e9sente \u00e0 Homs et dans sa banlieue et pr\u00eate \u00e0 repousser toute attaque terroriste"},"content":{"rendered":"<p>Damas-SANA\/ Une source militaire a affirm\u00e9 que les informations publi\u00e9es sur les pages des terroristes concernant le retrait de l\u2019arm\u00e9e de Homs sont fausses.<\/p>\n<p>La source a d\u00e9clar\u00e9 dans une d\u00e9claration \u00e0 SANA : \u00ab\u00a0L&#8217;arm\u00e9e arabe syrienne est pr\u00e9sente \u00e0 Homs et dans ses environs et est d\u00e9ploy\u00e9e sur des lignes d\u00e9fensives fixes et solides. Elle a \u00e9t\u00e9 renforc\u00e9e par d&#8217;\u00e9normes forces suppl\u00e9mentaires \u00e9quip\u00e9es de divers types d&#8217;\u00e9quipements et d&#8217;armes, nos forces sont pr\u00eates \u00e0 repousser toute attaque terroriste\u00a0\u00bb.<\/p>\n<p>M.Ch.<\/p>\n","protected":false},"excerpt":{"rendered":"<p>Damas-SANA\/ Une source militaire a affirm\u00e9 que les informations publi\u00e9es sur les pages des terroristes concernant le retrait de l\u2019arm\u00e9e de Homs sont fausses. La source a d\u00e9clar\u00e9 dans une d\u00e9claration \u00e0 SANA : \u00ab\u00a0L&#8217;arm\u00e9e arabe syrienne est pr\u00e9sente \u00e0 Homs et dans ses environs et est d\u00e9ploy\u00e9e sur des lignes d\u00e9fensives fixes et solides. &hellip;<\/p>\n","protected":false},"author":26,"featured_media":328431,"comment_status":"closed","ping_status":"closed","sticky":false,"template":"","format":"standard","meta":{"footnotes":""},"categories":[579,601,617],"tags":[],"class_list":["post-328430","post","type-post","status-publish","format-standard","has-post-thumbnail","","category-les-evenements-tels-quils-sont","category-slide","category-ticker"],"_links":{"self":[{"href":"https:\/\/archive.sana.sy\/fr\/index.php?rest_route=\/wp\/v2\/posts\/328430"}],"collection":[{"href":"https:\/\/archive.sana.sy\/fr\/index.php?rest_route=\/wp\/v2\/posts"}],"about":[{"href":"https:\/\/archive.sana.sy\/fr\/index.php?rest_route=\/wp\/v2\/types\/post"}],"author":[{"embeddable":true,"href":"https:\/\/archive.sana.sy\/fr\/index.php?rest_route=\/wp\/v2\/users\/26"}],"replies":[{"embeddable":true,"href":"https:\/\/archive.sana.sy\/fr\/index.php?rest_route=%2Fwp%2Fv2%2Fcomments&post=328430"}],"version-history":[{"count":1,"href":"https:\/\/archive.sana.sy\/fr\/index.php?rest_route=\/wp\/v2\/posts\/328430\/revisions"}],"predecessor-version":[{"id":328432,"href":"https:\/\/archive.sana.sy\/fr\/index.php?rest_route=\/wp\/v2\/posts\/328430\/revisions\/328432"}],"wp:featuredmedia":[{"embeddable":true,"href":"https:\/\/archive.sana.sy\/fr\/index.php?rest_route=\/wp\/v2\/media\/328431"}],"wp:attachment":[{"href":"https:\/\/archive.sana.sy\/fr\/index.php?rest_route=%2Fwp%2Fv2%2Fmedia&parent=328430"}],"wp:term":[{"taxonomy":"category","embeddable":true,"href":"https:\/\/archive.sana.sy\/fr\/index.php?rest_route=%2Fwp%2Fv2%2Fcategories&post=328430"},{"taxonomy":"post_tag","embeddable":true,"href":"https:\/\/archive.sana.sy\/fr\/index.php?rest_route=%2Fwp%2Fv2%2Ftags&post=328430"}],"curies":[{"name":"wp","href":"https:\/\/api.w.org\/{rel}","templated":true}]}}