{"id":328433,"date":"2024-12-06T17:07:09","date_gmt":"2024-12-06T14:07:09","guid":{"rendered":"https:\/\/sana.sy\/fr\/?p=328433"},"modified":"2024-12-06T17:10:24","modified_gmt":"2024-12-06T14:10:24","slug":"le-commandement-general-appelle-tous-les-citoyens-a-prendre-conscience-des-mensonges-promus-par-les-reseaux-terroristes","status":"publish","type":"post","link":"https:\/\/archive.sana.sy\/fr\/?p=328433","title":{"rendered":"Le Commandement G\u00e9n\u00e9ral appelle tous les citoyens \u00e0 \u00eatre conscients des mensonges promus par les r\u00e9seaux terroristes"},"content":{"rendered":"<p>Damas-SANA\/Les r\u00e9seaux terroristes et leurs salles d&#8217;op\u00e9rations diffusent des vid\u00e9os fausses et fabriqu\u00e9es sur la survenue d&#8217;explosions au Quartier g\u00e9n\u00e9ral de l&#8217;\u00e9tat-major dans le centre de Damas.<\/p>\n<p>Le Commandement G\u00e9n\u00e9ral appelle tous les citoyens \u00e0 \u00eatre conscients de ces mensonges et \u00e0 en conna\u00eetre les dimensions, qui visent \u00e0 semer le chaos et la panique parmi les civils dans le cadre d&#8217;une guerre psychologique parall\u00e8le \u00e0 la guerre terroriste.<\/p>\n<p>M.Ch.<\/p>\n","protected":false},"excerpt":{"rendered":"<p>Damas-SANA\/Les r\u00e9seaux terroristes et leurs salles d&#8217;op\u00e9rations diffusent des vid\u00e9os fausses et fabriqu\u00e9es sur la survenue d&#8217;explosions au Quartier g\u00e9n\u00e9ral de l&#8217;\u00e9tat-major dans le centre de Damas. Le Commandement G\u00e9n\u00e9ral appelle tous les citoyens \u00e0 \u00eatre conscients de ces mensonges et \u00e0 en conna\u00eetre les dimensions, qui visent \u00e0 semer le chaos et la panique &hellip;<\/p>\n","protected":false},"author":26,"featured_media":328434,"comment_status":"closed","ping_status":"closed","sticky":false,"template":"","format":"standard","meta":{"footnotes":""},"categories":[579,601,617],"tags":[],"class_list":["post-328433","post","type-post","status-publish","format-standard","has-post-thumbnail","","category-les-evenements-tels-quils-sont","category-slide","category-ticker"],"_links":{"self":[{"href":"https:\/\/archive.sana.sy\/fr\/index.php?rest_route=\/wp\/v2\/posts\/328433"}],"collection":[{"href":"https:\/\/archive.sana.sy\/fr\/index.php?rest_route=\/wp\/v2\/posts"}],"about":[{"href":"https:\/\/archive.sana.sy\/fr\/index.php?rest_route=\/wp\/v2\/types\/post"}],"author":[{"embeddable":true,"href":"https:\/\/archive.sana.sy\/fr\/index.php?rest_route=\/wp\/v2\/users\/26"}],"replies":[{"embeddable":true,"href":"https:\/\/archive.sana.sy\/fr\/index.php?rest_route=%2Fwp%2Fv2%2Fcomments&post=328433"}],"version-history":[{"count":3,"href":"https:\/\/archive.sana.sy\/fr\/index.php?rest_route=\/wp\/v2\/posts\/328433\/revisions"}],"predecessor-version":[{"id":328437,"href":"https:\/\/archive.sana.sy\/fr\/index.php?rest_route=\/wp\/v2\/posts\/328433\/revisions\/328437"}],"wp:featuredmedia":[{"embeddable":true,"href":"https:\/\/archive.sana.sy\/fr\/index.php?rest_route=\/wp\/v2\/media\/328434"}],"wp:attachment":[{"href":"https:\/\/archive.sana.sy\/fr\/index.php?rest_route=%2Fwp%2Fv2%2Fmedia&parent=328433"}],"wp:term":[{"taxonomy":"category","embeddable":true,"href":"https:\/\/archive.sana.sy\/fr\/index.php?rest_route=%2Fwp%2Fv2%2Fcategories&post=328433"},{"taxonomy":"post_tag","embeddable":true,"href":"https:\/\/archive.sana.sy\/fr\/index.php?rest_route=%2Fwp%2Fv2%2Ftags&post=328433"}],"curies":[{"name":"wp","href":"https:\/\/api.w.org\/{rel}","templated":true}]}}