{"id":328440,"date":"2024-12-06T19:13:26","date_gmt":"2024-12-06T16:13:26","guid":{"rendered":"https:\/\/sana.sy\/fr\/?p=328440"},"modified":"2024-12-06T19:13:26","modified_gmt":"2024-12-06T16:13:26","slug":"les-ministres-irakien-et-iranien-des-affaires-etrangeres-lexpansion-du-terrorisme-en-syrie-menace-la-securite-de-toute-la-region","status":"publish","type":"post","link":"https:\/\/archive.sana.sy\/fr\/?p=328440","title":{"rendered":"Les ministres irakien et iranien des Affaires \u00e9trang\u00e8res : L\u2019expansion du terrorisme en Syrie menace la s\u00e9curit\u00e9 de toute la r\u00e9gion"},"content":{"rendered":"<p>Bagdad-SANA \/ Le ministre irakien des Affaires \u00e9trang\u00e8res, Fouad Hussein, et son homologue iranien, Abbas Araghchi, ont exprim\u00e9 leur profonde inqui\u00e9tude face au danger de ce qui se passe en Syrie dans toute la r\u00e9gion.<\/p>\n<p>Ils ont averti que l\u2019expansion du terrorisme dans ce pays constitue une menace directe pour la s\u00e9curit\u00e9 de toute la r\u00e9gion.<\/p>\n<p>Le minist\u00e8re irakien des Affaires \u00e9trang\u00e8res a d\u00e9clar\u00e9 aujourd&#8217;hui dans un communiqu\u00e9 : Hussein a soulign\u00e9, lors de la rencontre avec Araghchi, que l&#8217;Irak appuie toutes les initiatives visant \u00e0 atteindre l&#8217;\u00e9quilibre et la stabilit\u00e9 dans la r\u00e9gion, exprimant la volont\u00e9 de son pays de fournir tout ce qui est n\u00e9cessaire pour contribuer \u00e0 la r\u00e9alisation de la paix et \u00e0 la r\u00e9duction de l&#8217;escalade.<\/p>\n<p>Selon le communiqu\u00e9, Hussein a soulign\u00e9 que ce qui se passe en Syrie affecte directement la s\u00e9curit\u00e9 de l\u2019Irak et de l\u2019Iran, soulignant que la s\u00e9curit\u00e9 de la r\u00e9gion ne peut \u00eatre assur\u00e9e par des moyens militaires uniquement et l\u2019importance du r\u00f4le que la diplomatie doit jouer dans la r\u00e9solution des crises et l\u2019\u00e9tablissement de la stabilit\u00e9 r\u00e9gionale.<\/p>\n<p>Y.A \/ R.B.<\/p>\n","protected":false},"excerpt":{"rendered":"<p>Bagdad-SANA \/ Le ministre irakien des Affaires \u00e9trang\u00e8res, Fouad Hussein, et son homologue iranien, Abbas Araghchi, ont exprim\u00e9 leur profonde inqui\u00e9tude face au danger de ce qui se passe en Syrie dans toute la r\u00e9gion. Ils ont averti que l\u2019expansion du terrorisme dans ce pays constitue une menace directe pour la s\u00e9curit\u00e9 de toute la &hellip;<\/p>\n","protected":false},"author":22,"featured_media":328441,"comment_status":"closed","ping_status":"closed","sticky":false,"template":"","format":"standard","meta":{"footnotes":""},"categories":[5924,458,617],"tags":[],"class_list":["post-328440","post","type-post","status-publish","format-standard","has-post-thumbnail","","category-les-dernieres-nouvelles","category-nouvelles-arabes-et-internationales","category-ticker"],"_links":{"self":[{"href":"https:\/\/archive.sana.sy\/fr\/index.php?rest_route=\/wp\/v2\/posts\/328440"}],"collection":[{"href":"https:\/\/archive.sana.sy\/fr\/index.php?rest_route=\/wp\/v2\/posts"}],"about":[{"href":"https:\/\/archive.sana.sy\/fr\/index.php?rest_route=\/wp\/v2\/types\/post"}],"author":[{"embeddable":true,"href":"https:\/\/archive.sana.sy\/fr\/index.php?rest_route=\/wp\/v2\/users\/22"}],"replies":[{"embeddable":true,"href":"https:\/\/archive.sana.sy\/fr\/index.php?rest_route=%2Fwp%2Fv2%2Fcomments&post=328440"}],"version-history":[{"count":1,"href":"https:\/\/archive.sana.sy\/fr\/index.php?rest_route=\/wp\/v2\/posts\/328440\/revisions"}],"predecessor-version":[{"id":328442,"href":"https:\/\/archive.sana.sy\/fr\/index.php?rest_route=\/wp\/v2\/posts\/328440\/revisions\/328442"}],"wp:featuredmedia":[{"embeddable":true,"href":"https:\/\/archive.sana.sy\/fr\/index.php?rest_route=\/wp\/v2\/media\/328441"}],"wp:attachment":[{"href":"https:\/\/archive.sana.sy\/fr\/index.php?rest_route=%2Fwp%2Fv2%2Fmedia&parent=328440"}],"wp:term":[{"taxonomy":"category","embeddable":true,"href":"https:\/\/archive.sana.sy\/fr\/index.php?rest_route=%2Fwp%2Fv2%2Fcategories&post=328440"},{"taxonomy":"post_tag","embeddable":true,"href":"https:\/\/archive.sana.sy\/fr\/index.php?rest_route=%2Fwp%2Fv2%2Ftags&post=328440"}],"curies":[{"name":"wp","href":"https:\/\/api.w.org\/{rel}","templated":true}]}}