{"id":328443,"date":"2024-12-06T19:55:22","date_gmt":"2024-12-06T16:55:22","guid":{"rendered":"https:\/\/sana.sy\/fr\/?p=328443"},"modified":"2024-12-06T20:21:53","modified_gmt":"2024-12-06T17:21:53","slug":"poursuite-des-efforts-et-des-initiatives-dans-divers-gouvernorats-pour-soutenir-les-familles-deplacees-par-le-terrorisme","status":"publish","type":"post","link":"https:\/\/archive.sana.sy\/fr\/?p=328443","title":{"rendered":"Poursuite des efforts et des initiatives dans divers gouvernorats pour soutenir les familles d\u00e9plac\u00e9es par le terrorisme"},"content":{"rendered":"<p>Damas-SANA\/ Le minist\u00e8re des Affaires sociales et du Travail, en coop\u00e9ration avec les ONG dans tous les gouvernorats, poursuit ses efforts pour r\u00e9pondre aux besoins des familles d\u00e9plac\u00e9es par le terrorisme et all\u00e9ger leurs souffrances.<\/p>\n<p>Le minist\u00e8re a expliqu\u00e9 dans un post sur Facebook que, suite \u00e0 une r\u00e9ponse imm\u00e9diate de la Direction des Affaires Sociales et du Travail \u00e0 Tartous, deux centres d\u2019h\u00e9bergement temporaire ont \u00e9t\u00e9 ouverts dans la ville de Baniyas pour s\u00e9curiser les personnes arrivant des gouvernorats d&#8217;Alep et de Hama, o\u00f9 \u00ab L&#8217;Association syrienne de d\u00e9veloppement \u00bb leur a distribu\u00e9 des repas et des matelas, et chacune des associations la \u00ab Charit\u00e9 islamique Jaafari \u00bb et \u00ab Al-Barr et services \u00bb leur a distribu\u00e9 des vivres et des v\u00eatements.<\/p>\n<p>&nbsp;<\/p>\n<p>Y.A.\/R.B.<\/p>\n","protected":false},"excerpt":{"rendered":"<p>Damas-SANA\/ Le minist\u00e8re des Affaires sociales et du Travail, en coop\u00e9ration avec les ONG dans tous les gouvernorats, poursuit ses efforts pour r\u00e9pondre aux besoins des familles d\u00e9plac\u00e9es par le terrorisme et all\u00e9ger leurs souffrances. Le minist\u00e8re a expliqu\u00e9 dans un post sur Facebook que, suite \u00e0 une r\u00e9ponse imm\u00e9diate de la Direction des Affaires &hellip;<\/p>\n","protected":false},"author":22,"featured_media":328446,"comment_status":"closed","ping_status":"closed","sticky":false,"template":"","format":"standard","meta":{"footnotes":""},"categories":[478,5924,617],"tags":[],"class_list":["post-328443","post","type-post","status-publish","format-standard","has-post-thumbnail","","category-evenements-locaux","category-les-dernieres-nouvelles","category-ticker"],"_links":{"self":[{"href":"https:\/\/archive.sana.sy\/fr\/index.php?rest_route=\/wp\/v2\/posts\/328443"}],"collection":[{"href":"https:\/\/archive.sana.sy\/fr\/index.php?rest_route=\/wp\/v2\/posts"}],"about":[{"href":"https:\/\/archive.sana.sy\/fr\/index.php?rest_route=\/wp\/v2\/types\/post"}],"author":[{"embeddable":true,"href":"https:\/\/archive.sana.sy\/fr\/index.php?rest_route=\/wp\/v2\/users\/22"}],"replies":[{"embeddable":true,"href":"https:\/\/archive.sana.sy\/fr\/index.php?rest_route=%2Fwp%2Fv2%2Fcomments&post=328443"}],"version-history":[{"count":2,"href":"https:\/\/archive.sana.sy\/fr\/index.php?rest_route=\/wp\/v2\/posts\/328443\/revisions"}],"predecessor-version":[{"id":328447,"href":"https:\/\/archive.sana.sy\/fr\/index.php?rest_route=\/wp\/v2\/posts\/328443\/revisions\/328447"}],"wp:featuredmedia":[{"embeddable":true,"href":"https:\/\/archive.sana.sy\/fr\/index.php?rest_route=\/wp\/v2\/media\/328446"}],"wp:attachment":[{"href":"https:\/\/archive.sana.sy\/fr\/index.php?rest_route=%2Fwp%2Fv2%2Fmedia&parent=328443"}],"wp:term":[{"taxonomy":"category","embeddable":true,"href":"https:\/\/archive.sana.sy\/fr\/index.php?rest_route=%2Fwp%2Fv2%2Fcategories&post=328443"},{"taxonomy":"post_tag","embeddable":true,"href":"https:\/\/archive.sana.sy\/fr\/index.php?rest_route=%2Fwp%2Fv2%2Ftags&post=328443"}],"curies":[{"name":"wp","href":"https:\/\/api.w.org\/{rel}","templated":true}]}}