{"id":328448,"date":"2024-12-06T20:35:18","date_gmt":"2024-12-06T17:35:18","guid":{"rendered":"https:\/\/sana.sy\/fr\/?p=328448"},"modified":"2024-12-06T20:35:18","modified_gmt":"2024-12-06T17:35:18","slug":"les-amis-de-la-defense-de-la-charte-de-lonu-condamnent-les-attaques-terroristes-en-syrie","status":"publish","type":"post","link":"https:\/\/archive.sana.sy\/fr\/?p=328448","title":{"rendered":"Les \u00ab Amis de la D\u00e9fense de la Charte de l&#8217;ONU \u00bb condamnent les attaques terroristes en Syrie"},"content":{"rendered":"<p>New York-SANA\/ Les \u00c9tats du Groupe des Amis pour la d\u00e9fense de la Charte des Nations Unies ont fermement condamn\u00e9 les attaques terroristes perp\u00e9tr\u00e9es par les r\u00e9seaux terroristes dans le nord de la Syrie, affirmant leur ferme soutien \u00e0 la souverainet\u00e9, \u00e0 l&#8217;ind\u00e9pendance et \u00e0 l&#8217;int\u00e9grit\u00e9 territoriale de la Syrie, et \u00e0 son droit l\u00e9gitime de combattre le terrorisme et d\u2019en lib\u00e9rer son territoire.<\/p>\n<p>Le groupe a d\u00e9clar\u00e9 aujourd&#8217;hui dans une d\u00e9claration sp\u00e9ciale : &#8220;Nous condamnons avec les termes les plus fermes les attaques terroristes \u00e0 grande \u00e9chelle perp\u00e9tr\u00e9es par les r\u00e9seaux terroristes \u00ab Hay&#8217;at Tahrir al-Sham \u00bb, qui figure sur la liste des r\u00e9seaux terroristes par le Conseil de s\u00e9curit\u00e9, et d&#8217;autres entit\u00e9s y affili\u00e9es, et nous exprimons notre profond souci face aux tentatives en cours visant \u00e0 enflammer et \u00e0 faire exploser la r\u00e9gion du Moyen-Orient, qui auront des cons\u00e9quences d\u00e9vastatrices sur la paix, la s\u00e9curit\u00e9 et la stabilit\u00e9 r\u00e9gionales et internationales.<\/p>\n<p>Les pays du groupe ont affirm\u00e9 leur ferme soutien \u00e0 la souverainet\u00e9, \u00e0 l&#8217;ind\u00e9pendance, et \u00e0 l&#8217;int\u00e9grit\u00e9 territoriale de la Syrie, ainsi qu&#8217;\u00e0 son droit l\u00e9gitime \u00e0 lutter contre le terrorisme international, soulignant leur rejet cat\u00e9gorique du terrorisme sous toutes ses formes et dans toutes ses ph\u00e9nom\u00e8nes.<\/p>\n<p>&nbsp;<\/p>\n<p>Y.A.\/R.B.<\/p>\n","protected":false},"excerpt":{"rendered":"<p>New York-SANA\/ Les \u00c9tats du Groupe des Amis pour la d\u00e9fense de la Charte des Nations Unies ont fermement condamn\u00e9 les attaques terroristes perp\u00e9tr\u00e9es par les r\u00e9seaux terroristes dans le nord de la Syrie, affirmant leur ferme soutien \u00e0 la souverainet\u00e9, \u00e0 l&#8217;ind\u00e9pendance et \u00e0 l&#8217;int\u00e9grit\u00e9 territoriale de la Syrie, et \u00e0 son droit l\u00e9gitime &hellip;<\/p>\n","protected":false},"author":22,"featured_media":328449,"comment_status":"closed","ping_status":"closed","sticky":false,"template":"","format":"standard","meta":{"footnotes":""},"categories":[5924,458,617],"tags":[],"class_list":["post-328448","post","type-post","status-publish","format-standard","has-post-thumbnail","","category-les-dernieres-nouvelles","category-nouvelles-arabes-et-internationales","category-ticker"],"_links":{"self":[{"href":"https:\/\/archive.sana.sy\/fr\/index.php?rest_route=\/wp\/v2\/posts\/328448"}],"collection":[{"href":"https:\/\/archive.sana.sy\/fr\/index.php?rest_route=\/wp\/v2\/posts"}],"about":[{"href":"https:\/\/archive.sana.sy\/fr\/index.php?rest_route=\/wp\/v2\/types\/post"}],"author":[{"embeddable":true,"href":"https:\/\/archive.sana.sy\/fr\/index.php?rest_route=\/wp\/v2\/users\/22"}],"replies":[{"embeddable":true,"href":"https:\/\/archive.sana.sy\/fr\/index.php?rest_route=%2Fwp%2Fv2%2Fcomments&post=328448"}],"version-history":[{"count":1,"href":"https:\/\/archive.sana.sy\/fr\/index.php?rest_route=\/wp\/v2\/posts\/328448\/revisions"}],"predecessor-version":[{"id":328450,"href":"https:\/\/archive.sana.sy\/fr\/index.php?rest_route=\/wp\/v2\/posts\/328448\/revisions\/328450"}],"wp:featuredmedia":[{"embeddable":true,"href":"https:\/\/archive.sana.sy\/fr\/index.php?rest_route=\/wp\/v2\/media\/328449"}],"wp:attachment":[{"href":"https:\/\/archive.sana.sy\/fr\/index.php?rest_route=%2Fwp%2Fv2%2Fmedia&parent=328448"}],"wp:term":[{"taxonomy":"category","embeddable":true,"href":"https:\/\/archive.sana.sy\/fr\/index.php?rest_route=%2Fwp%2Fv2%2Fcategories&post=328448"},{"taxonomy":"post_tag","embeddable":true,"href":"https:\/\/archive.sana.sy\/fr\/index.php?rest_route=%2Fwp%2Fv2%2Ftags&post=328448"}],"curies":[{"name":"wp","href":"https:\/\/api.w.org\/{rel}","templated":true}]}}