{"id":328458,"date":"2024-12-07T11:18:44","date_gmt":"2024-12-07T08:18:44","guid":{"rendered":"https:\/\/sana.sy\/fr\/?p=328458"},"modified":"2024-12-07T11:18:44","modified_gmt":"2024-12-07T08:18:44","slug":"communique-conjoint-syro-irako-iranien-la-menace-contre-la-securite-de-la-syrie-compromet-la-stabilite-dans-toute-la-region","status":"publish","type":"post","link":"https:\/\/archive.sana.sy\/fr\/?p=328458","title":{"rendered":"Communiqu\u00e9 conjoint syro-irako-iranien: la menace contre la s\u00e9curit\u00e9 de la Syrie compromet la stabilit\u00e9 dans toute la r\u00e9gion"},"content":{"rendered":"<p>Bagdad-SANA\/Les ministres des Affaires \u00e9trang\u00e8res de la Syrie, de l\u2019Irak et de l\u2019Iran ont affirm\u00e9, \u00e0 l\u2019issue de leur rencontre dans la capitale irakienne Bagdad sur les derniers d\u00e9veloppements en Syrie, que \u00ab la menace pour la s\u00e9curit\u00e9 compromet la stabilit\u00e9 de toute la r\u00e9gion, et il n\u2019y a pas d\u2019autre choix que la coordination, et la consultation diplomatique continue pour \u00e9liminer tous les risques d\u2019escalade dans la r\u00e9gion \u00bb.<\/p>\n<p>Dans un communiqu\u00e9 conjoint publi\u00e9 par l\u2019agence de presse irakienne, les ministres ont soulign\u00e9 lors de la r\u00e9union \u00ab la n\u00e9cessit\u00e9 de mobiliser tous les efforts arabes, r\u00e9gionaux et internationaux afin de parvenir \u00e0 des solutions pacifiques pour faire face aux d\u00e9fis qu&#8217;affronte la r\u00e9gion, surtout la Syrie&#8221;, ,appelant \u00e0 une action collective pour faire face au terrorisme sous toutes ses formes \u00bb.<\/p>\n<p>Selon le communiqu\u00e9, \u00ab la r\u00e9union a \u00e9galement port\u00e9 sur les d\u00e9fis auxquels la r\u00e9gion est confront\u00e9e en g\u00e9n\u00e9ral et sur les r\u00e9cents d\u00e9veloppements en mati\u00e8re de s\u00e9curit\u00e9 en Syrie, notant les possibilit\u00e9s d\u2019\u00e9largir leurs dimensions, &#8220;ce qui repr\u00e9sentera un grave danger pour les trois pays et menacera la s\u00e9curit\u00e9 de leurs peuples dans toute la r\u00e9gion\u00bb.<\/p>\n<p>Le communiqu\u00e9 a soulign\u00e9 qu\u2019il a \u00e9t\u00e9 convenu de la n\u00e9cessit\u00e9 de poursuivre les consultations et la coordination entre les trois pays pour suivre ces d\u00e9veloppements et se pr\u00e9parer \u00e0 tout d\u00e9veloppement dans les prochains jours, affirmant le respect de la souverainet\u00e9, de l&#8217;ind\u00e9pendance, de l&#8217;unit\u00e9 et de l&#8217;int\u00e9grit\u00e9 territoriale de la Syrie\u2019\u2019.<\/p>\n<p>&nbsp;<\/p>\n<p>R.Khallouf\/R.Bittar<\/p>\n","protected":false},"excerpt":{"rendered":"<p>Bagdad-SANA\/Les ministres des Affaires \u00e9trang\u00e8res de la Syrie, de l\u2019Irak et de l\u2019Iran ont affirm\u00e9, \u00e0 l\u2019issue de leur rencontre dans la capitale irakienne Bagdad sur les derniers d\u00e9veloppements en Syrie, que \u00ab la menace pour la s\u00e9curit\u00e9 compromet la stabilit\u00e9 de toute la r\u00e9gion, et il n\u2019y a pas d\u2019autre choix que la coordination, &hellip;<\/p>\n","protected":false},"author":36,"featured_media":328459,"comment_status":"closed","ping_status":"closed","sticky":false,"template":"","format":"standard","meta":{"footnotes":""},"categories":[5924,458,617],"tags":[],"class_list":["post-328458","post","type-post","status-publish","format-standard","has-post-thumbnail","","category-les-dernieres-nouvelles","category-nouvelles-arabes-et-internationales","category-ticker"],"_links":{"self":[{"href":"https:\/\/archive.sana.sy\/fr\/index.php?rest_route=\/wp\/v2\/posts\/328458"}],"collection":[{"href":"https:\/\/archive.sana.sy\/fr\/index.php?rest_route=\/wp\/v2\/posts"}],"about":[{"href":"https:\/\/archive.sana.sy\/fr\/index.php?rest_route=\/wp\/v2\/types\/post"}],"author":[{"embeddable":true,"href":"https:\/\/archive.sana.sy\/fr\/index.php?rest_route=\/wp\/v2\/users\/36"}],"replies":[{"embeddable":true,"href":"https:\/\/archive.sana.sy\/fr\/index.php?rest_route=%2Fwp%2Fv2%2Fcomments&post=328458"}],"version-history":[{"count":1,"href":"https:\/\/archive.sana.sy\/fr\/index.php?rest_route=\/wp\/v2\/posts\/328458\/revisions"}],"predecessor-version":[{"id":328460,"href":"https:\/\/archive.sana.sy\/fr\/index.php?rest_route=\/wp\/v2\/posts\/328458\/revisions\/328460"}],"wp:featuredmedia":[{"embeddable":true,"href":"https:\/\/archive.sana.sy\/fr\/index.php?rest_route=\/wp\/v2\/media\/328459"}],"wp:attachment":[{"href":"https:\/\/archive.sana.sy\/fr\/index.php?rest_route=%2Fwp%2Fv2%2Fmedia&parent=328458"}],"wp:term":[{"taxonomy":"category","embeddable":true,"href":"https:\/\/archive.sana.sy\/fr\/index.php?rest_route=%2Fwp%2Fv2%2Fcategories&post=328458"},{"taxonomy":"post_tag","embeddable":true,"href":"https:\/\/archive.sana.sy\/fr\/index.php?rest_route=%2Fwp%2Fv2%2Ftags&post=328458"}],"curies":[{"name":"wp","href":"https:\/\/api.w.org\/{rel}","templated":true}]}}