{"id":328461,"date":"2024-12-07T08:31:06","date_gmt":"2024-12-07T05:31:06","guid":{"rendered":"https:\/\/sana.sy\/fr\/?p=328461"},"modified":"2024-12-07T12:06:12","modified_gmt":"2024-12-07T09:06:12","slug":"sabbagh-hussein-et-araghchi-jugent-necessaire-de-lutter-contre-les-reseaux-terroristes-en-syrie","status":"publish","type":"post","link":"https:\/\/archive.sana.sy\/fr\/?p=328461","title":{"rendered":"Sabbagh, Hussein et Araghchi jugent n\u00e9cessaire de lutter contre les r\u00e9seaux terroristes en Syrie"},"content":{"rendered":"<p style=\"text-align: justify;\">Bagdad-SANA\/ Lors d\u2019une conf\u00e9rence de presse qu\u2019ils ont tenue hier \u00e0 l\u2019issu de leur rencontre \u00e0 Bagdad, les ministres des Affaires \u00e9trang\u00e8res ont soulign\u00e9 la n\u00e9cessit\u00e9 de combattre les r\u00e9seaux terroristes en Syrie, car leur menace ne se limite pas \u00e0 d\u00e9stabiliser la s\u00e9curit\u00e9 et la stabilit\u00e9 du pays, mais affecte toute la r\u00e9gion.<\/p>\n<p style=\"text-align: justify;\">Le ministre des Affaires \u00e9trang\u00e8res, Bassam Sabbagh, a dit\u00a0:\u00a0\u00ab\u00a0Hier, j\u2019ai tenu d&#8217;importantes r\u00e9unions et entretiens avec le pr\u00e9sident irakien, le Premier ministre, la Chambre des repr\u00e9sentants et le ministre des Affaires \u00e9trang\u00e8res, ainsi qu&#8217;avec le ministre iranien des Affaires \u00e9trang\u00e8res. Ils ont port\u00e9 sur les r\u00e9cents d\u00e9veloppements en Syrie r\u00e9sultant de la poursuite des \u00e9v\u00e9nements de l&#8217;attaque terroriste lanc\u00e9e le 27 novembre dernier par le r\u00e9seaux terroriste Hay&#8217;at Tahrir al-Sham \u2018\u2019Front Nosra\u2019\u2019, class\u00e9 comme entit\u00e9 terroriste par le Conseil de s\u00e9curit\u00e9, aux c\u00f4t\u00e9s d&#8217;un certain nombre de r\u00e9seaux terroristes contre les gouvernorats d\u2019Alep, Idlib, Hama et aujourd\u2019hui Homs, et qui ont \u00e9t\u00e9 cat\u00e9goriquement condamn\u00e9s.<a href=\"http:\/\/sana.sy\/fr\/wp-content\/uploads\/2024\/12\/2-2.jpg\"><img loading=\"lazy\" decoding=\"async\" class=\"size-medium wp-image-328467 alignleft\" src=\"http:\/\/sana.sy\/fr\/wp-content\/uploads\/2024\/12\/2-2-300x151.jpg\" alt=\"\" width=\"300\" height=\"151\" srcset=\"https:\/\/archive.sana.sy\/fr\/wp-content\/uploads\/2024\/12\/2-2-300x151.jpg 300w, https:\/\/archive.sana.sy\/fr\/wp-content\/uploads\/2024\/12\/2-2.jpg 660w\" sizes=\"(max-width: 300px) 100vw, 300px\" \/><\/a><\/p>\n<p style=\"text-align: justify;\">\u00ab\u00a0L&#8217;Arm\u00e9e arabe syrienne et l\u2019arm\u00e9e arabe syrienne accomplit son devoir national face \u00e0 cette attaque terroriste, mais elles ont \u00e9t\u00e9 contraintes de mener des op\u00e9rations adapt\u00e9es aux tactiques de combat, de repositionnement et de d\u00e9ploiement\u00a0\u00bb a-t-il assur\u00e9.<\/p>\n<p style=\"text-align: justify;\">Sabbagh a soulign\u00e9 l&#8217;importance de mobiliser tous les efforts arabes, r\u00e9gionaux et internationaux pour soutenir les efforts de l&#8217;\u00c9tat syrien dans la lutte contre le terrorisme et contre toutes ses formes et manifestations, condamnant les attaques terroristes perp\u00e9tr\u00e9es par Hay&#8217;at Tahrir al- Sham, et \u00e9galement en soutenant les efforts de la Syrie pour pr\u00e9server sa souverainet\u00e9, la s\u00fbret\u00e9 et la s\u00e9curit\u00e9 de ses citoyens et l&#8217;int\u00e9grit\u00e9 de ses territoires.<\/p>\n<p style=\"text-align: justify;\">De son c\u00f4t\u00e9, le ministre irakien des Affaires \u00e9trang\u00e8res, Fouad Hussein a dit\u00a0:\u00a0\u00ab\u00a0Les attaques arm\u00e9es se poursuivent dans les villes et les gouvernorats syriens. Nous, en Iraq, condamnons ces attaques. Nous condamnons les entit\u00e9s terroristes qui ont \u00e9t\u00e9 d\u00e9sign\u00e9es internationalement et conform\u00e9ment aux r\u00e9solutions et d\u00e9clarations du Conseil de s\u00e9curit\u00e9. Nous condamnons toutes les r\u00e9seaux terroristes, o\u00f9 qu\u2019elles se trouvent\u00a0\u00bb.<a href=\"http:\/\/sana.sy\/fr\/wp-content\/uploads\/2024\/12\/3-2.jpg\"><img loading=\"lazy\" decoding=\"async\" class=\"alignleft wp-image-328468 size-thumbnail\" src=\"http:\/\/sana.sy\/fr\/wp-content\/uploads\/2024\/12\/3-2-150x150.jpg\" alt=\"\" width=\"150\" height=\"150\" \/><\/a><\/p>\n<p style=\"text-align: justify;\">Pour sa part, le ministre iranien des Affaires \u00e9trang\u00e8res, Abbas Araghchi a dit\u00a0:\u00a0\u00ab\u00a0Le message de la r\u00e9union tripartite d\u2019aujourd\u2019hui est de soutenir le gouvernement et le peuple syriens dans la lutte contre les r\u00e9seaux terroristes takfiristes qui lancent des attaques dans le cadre d\u2019une conspiration am\u00e9ricano-sioniste.<a href=\"http:\/\/sana.sy\/fr\/wp-content\/uploads\/2024\/12\/4.jpg\"><img loading=\"lazy\" decoding=\"async\" class=\"alignright wp-image-328469 size-thumbnail\" src=\"http:\/\/sana.sy\/fr\/wp-content\/uploads\/2024\/12\/4-150x150.jpg\" alt=\"\" width=\"150\" height=\"150\" \/><\/a><\/p>\n<p style=\"text-align: justify;\">\u00ab\u00a0Les attentats terroristes en Syrie menacent \u00e9galement les pays voisins. Le terrorisme ne conna\u00eet pas de limites et doit donc \u00eatre combattu d\u00e8s le d\u00e9but, sinon il se propagera dans toutes les r\u00e9gions\u00a0\u00bb, a-t-il indiqu\u00e9.<\/p>\n<p style=\"text-align: justify;\">L.S.<\/p>\n","protected":false},"excerpt":{"rendered":"<p>Bagdad-SANA\/ Lors d\u2019une conf\u00e9rence de presse qu\u2019ils ont tenue hier \u00e0 l\u2019issu de leur rencontre \u00e0 Bagdad, les ministres des Affaires \u00e9trang\u00e8res ont soulign\u00e9 la n\u00e9cessit\u00e9 de combattre les r\u00e9seaux terroristes en Syrie, car leur menace ne se limite pas \u00e0 d\u00e9stabiliser la s\u00e9curit\u00e9 et la stabilit\u00e9 du pays, mais affecte toute la r\u00e9gion. Le &hellip;<\/p>\n","protected":false},"author":32,"featured_media":328462,"comment_status":"closed","ping_status":"closed","sticky":false,"template":"","format":"standard","meta":{"footnotes":""},"categories":[459,458,601,617],"tags":[2105,21541,2605],"class_list":["post-328461","post","type-post","status-publish","format-standard","has-post-thumbnail","","category-nouvelles-arabe-et-internationale","category-nouvelles-arabes-et-internationales","category-slide","category-ticker","tag-lirak","tag-liran","tag-la-syrie"],"_links":{"self":[{"href":"https:\/\/archive.sana.sy\/fr\/index.php?rest_route=\/wp\/v2\/posts\/328461"}],"collection":[{"href":"https:\/\/archive.sana.sy\/fr\/index.php?rest_route=\/wp\/v2\/posts"}],"about":[{"href":"https:\/\/archive.sana.sy\/fr\/index.php?rest_route=\/wp\/v2\/types\/post"}],"author":[{"embeddable":true,"href":"https:\/\/archive.sana.sy\/fr\/index.php?rest_route=\/wp\/v2\/users\/32"}],"replies":[{"embeddable":true,"href":"https:\/\/archive.sana.sy\/fr\/index.php?rest_route=%2Fwp%2Fv2%2Fcomments&post=328461"}],"version-history":[{"count":4,"href":"https:\/\/archive.sana.sy\/fr\/index.php?rest_route=\/wp\/v2\/posts\/328461\/revisions"}],"predecessor-version":[{"id":328473,"href":"https:\/\/archive.sana.sy\/fr\/index.php?rest_route=\/wp\/v2\/posts\/328461\/revisions\/328473"}],"wp:featuredmedia":[{"embeddable":true,"href":"https:\/\/archive.sana.sy\/fr\/index.php?rest_route=\/wp\/v2\/media\/328462"}],"wp:attachment":[{"href":"https:\/\/archive.sana.sy\/fr\/index.php?rest_route=%2Fwp%2Fv2%2Fmedia&parent=328461"}],"wp:term":[{"taxonomy":"category","embeddable":true,"href":"https:\/\/archive.sana.sy\/fr\/index.php?rest_route=%2Fwp%2Fv2%2Fcategories&post=328461"},{"taxonomy":"post_tag","embeddable":true,"href":"https:\/\/archive.sana.sy\/fr\/index.php?rest_route=%2Fwp%2Fv2%2Ftags&post=328461"}],"curies":[{"name":"wp","href":"https:\/\/api.w.org\/{rel}","templated":true}]}}