{"id":328463,"date":"2024-12-07T11:59:14","date_gmt":"2024-12-07T08:59:14","guid":{"rendered":"https:\/\/sana.sy\/fr\/?p=328463"},"modified":"2024-12-07T11:59:14","modified_gmt":"2024-12-07T08:59:14","slug":"baghaei-lambassade-diran-a-damas-continue-de-faire-son-travail","status":"publish","type":"post","link":"https:\/\/archive.sana.sy\/fr\/?p=328463","title":{"rendered":"Baghae\u00ef : L\u2019ambassade d\u2019Iran \u00e0 Damas continue de faire son travail"},"content":{"rendered":"<p>T\u00e9h\u00e9ran-SANA\/Le porte-parole du minist\u00e8re iranien des Affaires \u00e9trang\u00e8res Esma\u00efl Baghae\u00ef : L\u2019ambassade de l\u2019Iran \u00e0 Damas continue d\u2019exercer ses activit\u00e9s habituelles et les all\u00e9gations concernant son \u00e9vacuation sont fausses.<\/p>\n<p>R\u00e9pondant \u00e0 une question de l\u2019agence de presse iranienne Tasnim, Baghae\u00ef a indiqu\u00e9 que les all\u00e9gations li\u00e9es \u00e0 l\u2019\u00e9vacuation de l\u2019ambassade iranienne \u00e0 Damas sont fausses et que l\u2019ambassade fonctionnent toujours et poursuit ses activit\u00e9s habituelles.<\/p>\n<p>&nbsp;<\/p>\n<p>R.Khallouf<\/p>\n","protected":false},"excerpt":{"rendered":"<p>T\u00e9h\u00e9ran-SANA\/Le porte-parole du minist\u00e8re iranien des Affaires \u00e9trang\u00e8res Esma\u00efl Baghae\u00ef : L\u2019ambassade de l\u2019Iran \u00e0 Damas continue d\u2019exercer ses activit\u00e9s habituelles et les all\u00e9gations concernant son \u00e9vacuation sont fausses. R\u00e9pondant \u00e0 une question de l\u2019agence de presse iranienne Tasnim, Baghae\u00ef a indiqu\u00e9 que les all\u00e9gations li\u00e9es \u00e0 l\u2019\u00e9vacuation de l\u2019ambassade iranienne \u00e0 Damas sont fausses &hellip;<\/p>\n","protected":false},"author":36,"featured_media":328464,"comment_status":"closed","ping_status":"closed","sticky":false,"template":"","format":"standard","meta":{"footnotes":""},"categories":[5924,458,617],"tags":[],"class_list":["post-328463","post","type-post","status-publish","format-standard","has-post-thumbnail","","category-les-dernieres-nouvelles","category-nouvelles-arabes-et-internationales","category-ticker"],"_links":{"self":[{"href":"https:\/\/archive.sana.sy\/fr\/index.php?rest_route=\/wp\/v2\/posts\/328463"}],"collection":[{"href":"https:\/\/archive.sana.sy\/fr\/index.php?rest_route=\/wp\/v2\/posts"}],"about":[{"href":"https:\/\/archive.sana.sy\/fr\/index.php?rest_route=\/wp\/v2\/types\/post"}],"author":[{"embeddable":true,"href":"https:\/\/archive.sana.sy\/fr\/index.php?rest_route=\/wp\/v2\/users\/36"}],"replies":[{"embeddable":true,"href":"https:\/\/archive.sana.sy\/fr\/index.php?rest_route=%2Fwp%2Fv2%2Fcomments&post=328463"}],"version-history":[{"count":1,"href":"https:\/\/archive.sana.sy\/fr\/index.php?rest_route=\/wp\/v2\/posts\/328463\/revisions"}],"predecessor-version":[{"id":328466,"href":"https:\/\/archive.sana.sy\/fr\/index.php?rest_route=\/wp\/v2\/posts\/328463\/revisions\/328466"}],"wp:featuredmedia":[{"embeddable":true,"href":"https:\/\/archive.sana.sy\/fr\/index.php?rest_route=\/wp\/v2\/media\/328464"}],"wp:attachment":[{"href":"https:\/\/archive.sana.sy\/fr\/index.php?rest_route=%2Fwp%2Fv2%2Fmedia&parent=328463"}],"wp:term":[{"taxonomy":"category","embeddable":true,"href":"https:\/\/archive.sana.sy\/fr\/index.php?rest_route=%2Fwp%2Fv2%2Fcategories&post=328463"},{"taxonomy":"post_tag","embeddable":true,"href":"https:\/\/archive.sana.sy\/fr\/index.php?rest_route=%2Fwp%2Fv2%2Ftags&post=328463"}],"curies":[{"name":"wp","href":"https:\/\/api.w.org\/{rel}","templated":true}]}}