{"id":328477,"date":"2024-12-07T15:01:42","date_gmt":"2024-12-07T12:01:42","guid":{"rendered":"https:\/\/sana.sy\/fr\/?p=328477"},"modified":"2024-12-07T15:01:42","modified_gmt":"2024-12-07T12:01:42","slug":"lavrov-et-hussein-lirak-et-la-russie-sont-preoccupes-par-la-situation-en-syrie","status":"publish","type":"post","link":"https:\/\/archive.sana.sy\/fr\/?p=328477","title":{"rendered":"Lavrov et Hussein : l&#8217;Irak et la Russie sont pr\u00e9occup\u00e9s par la situation en Syrie"},"content":{"rendered":"<p>Doha-SANA\/ Le ministre russe des Affaires \u00e9trang\u00e8res Sergue\u00ef Lavrov et son homologue irakien Fouad Hussein ont affirm\u00e9 aujourd&#8217;hui que leurs pays \u00e9taient pr\u00e9occup\u00e9s par la situation en Syrie et par la gravit\u00e9 de son impact sur la s\u00e9curit\u00e9 de la r\u00e9gion.<\/p>\n<p>L&#8217;agence de presse irakienne INA a cit\u00e9 un communiqu\u00e9 du minist\u00e8re irakien des Affaires \u00e9trang\u00e8res disant : \u00ab Hussein a rencontr\u00e9 son homologue russe, Lavrov, dans la capitale qatarie, Doha, et au cours de la r\u00e9union, ils ont discut\u00e9 de l&#8217;\u00e9volution de la situation en Syrie et des r\u00e9sultats de l&#8217;accord tripartite tenue \u00e0 Bagdad, qui a r\u00e9uni les ministres des Affaires \u00e9trang\u00e8res de l\u2019Irak, de la Syrie et de l\u2019Iran.<\/p>\n<p>Le communiqu\u00e9 a indiqu\u00e9 que le ministre russe des Affaires \u00e9trang\u00e8res a soulign\u00e9 la n\u00e9cessit\u00e9 d&#8217;intensifier les efforts pour \u00e9pargner \u00e0 la Syrie davantage de trag\u00e9dies, tandis que Hussein a soulign\u00e9 que l&#8217;Irak s&#8217;efforce d&#8217;\u00e9viter l&#8217;impact des \u00e9v\u00e9nements syriens sur sa s\u00e9curit\u00e9 et sa stabilit\u00e9.<\/p>\n<p>Hussein a soulign\u00e9 que \u00ab la position de l\u2019Irak est d\u2019intensifier les efforts pour faire face \u00e0 toute violation ou transgression de la fronti\u00e8re par des groupes terroristes, et que l\u2019Irak souhaite prot\u00e9ger ses fronti\u00e8res et son int\u00e9grit\u00e9 territoriale \u00bb.<\/p>\n<p>M.Ch.<\/p>\n","protected":false},"excerpt":{"rendered":"<p>Doha-SANA\/ Le ministre russe des Affaires \u00e9trang\u00e8res Sergue\u00ef Lavrov et son homologue irakien Fouad Hussein ont affirm\u00e9 aujourd&#8217;hui que leurs pays \u00e9taient pr\u00e9occup\u00e9s par la situation en Syrie et par la gravit\u00e9 de son impact sur la s\u00e9curit\u00e9 de la r\u00e9gion. L&#8217;agence de presse irakienne INA a cit\u00e9 un communiqu\u00e9 du minist\u00e8re irakien des Affaires &hellip;<\/p>\n","protected":false},"author":26,"featured_media":328478,"comment_status":"closed","ping_status":"closed","sticky":false,"template":"","format":"standard","meta":{"footnotes":""},"categories":[5924,459,458,617],"tags":[],"class_list":["post-328477","post","type-post","status-publish","format-standard","has-post-thumbnail","","category-les-dernieres-nouvelles","category-nouvelles-arabe-et-internationale","category-nouvelles-arabes-et-internationales","category-ticker"],"_links":{"self":[{"href":"https:\/\/archive.sana.sy\/fr\/index.php?rest_route=\/wp\/v2\/posts\/328477"}],"collection":[{"href":"https:\/\/archive.sana.sy\/fr\/index.php?rest_route=\/wp\/v2\/posts"}],"about":[{"href":"https:\/\/archive.sana.sy\/fr\/index.php?rest_route=\/wp\/v2\/types\/post"}],"author":[{"embeddable":true,"href":"https:\/\/archive.sana.sy\/fr\/index.php?rest_route=\/wp\/v2\/users\/26"}],"replies":[{"embeddable":true,"href":"https:\/\/archive.sana.sy\/fr\/index.php?rest_route=%2Fwp%2Fv2%2Fcomments&post=328477"}],"version-history":[{"count":1,"href":"https:\/\/archive.sana.sy\/fr\/index.php?rest_route=\/wp\/v2\/posts\/328477\/revisions"}],"predecessor-version":[{"id":328479,"href":"https:\/\/archive.sana.sy\/fr\/index.php?rest_route=\/wp\/v2\/posts\/328477\/revisions\/328479"}],"wp:featuredmedia":[{"embeddable":true,"href":"https:\/\/archive.sana.sy\/fr\/index.php?rest_route=\/wp\/v2\/media\/328478"}],"wp:attachment":[{"href":"https:\/\/archive.sana.sy\/fr\/index.php?rest_route=%2Fwp%2Fv2%2Fmedia&parent=328477"}],"wp:term":[{"taxonomy":"category","embeddable":true,"href":"https:\/\/archive.sana.sy\/fr\/index.php?rest_route=%2Fwp%2Fv2%2Fcategories&post=328477"},{"taxonomy":"post_tag","embeddable":true,"href":"https:\/\/archive.sana.sy\/fr\/index.php?rest_route=%2Fwp%2Fv2%2Ftags&post=328477"}],"curies":[{"name":"wp","href":"https:\/\/api.w.org\/{rel}","templated":true}]}}