{"id":100017,"date":"2016-12-31T15:38:12","date_gmt":"2016-12-31T13:38:12","guid":{"rendered":"http:\/\/www.sana.sy\/tr\/?p=100017"},"modified":"2016-12-31T15:43:47","modified_gmt":"2016-12-31T13:43:47","slug":"disisleri-ve-gurbetciler-bakanliginda-yetkili-bir-kaynak-isidli-intihar-eylemcileri-radikal-teroristlerin-bugun-irakin-baskenti-bagdatin-bir-carsisinda-es-zamanli-olarak-ge","status":"publish","type":"post","link":"https:\/\/archive.sana.sy\/tr\/?p=100017","title":{"rendered":"D\u0131\u015fi\u015fleri ve Gurbet\u00e7iler Bakanl\u0131\u011f\u0131nda yetkili bir kaynak; I\u015e\u0130D\u2019li intihar eylemcileri radikal ter\u00f6ristlerin bug\u00fcn Irak\u2019\u0131n ba\u015fkenti Ba\u011fdat\u2019\u0131n bir \u00e7ar\u015f\u0131s\u0131nda e\u015f zamanl\u0131 olarak ger\u00e7ekle\u015ftirdikleri iki ter\u00f6r eylemini keskin ifadelerle k\u0131nad\u0131"},"content":{"rendered":"<p>D\u0131\u015fi\u015fleri ve Gurbet\u00e7iler Bakanl\u0131\u011f\u0131nda yetkili bir kaynak; I\u015e\u0130D\u2019li intihar eylemcileri radikal ter\u00f6ristlerin bug\u00fcn Irak\u2019\u0131n ba\u015fkenti Ba\u011fdat\u2019\u0131n bir \u00e7ar\u015f\u0131s\u0131nda e\u015f zamanl\u0131 olarak ger\u00e7ekle\u015ftirdikleri iki ter\u00f6r eylemini keskin ifadelerle k\u0131nad\u0131<\/p>\n","protected":false},"excerpt":{"rendered":"<p>D\u0131\u015fi\u015fleri ve Gurbet\u00e7iler Bakanl\u0131\u011f\u0131nda yetkili bir kaynak; I\u015e\u0130D\u2019li intihar eylemcileri radikal ter\u00f6ristlerin bug\u00fcn Irak\u2019\u0131n ba\u015fkenti Ba\u011fdat\u2019\u0131n bir \u00e7ar\u015f\u0131s\u0131nda e\u015f zamanl\u0131 olarak ger\u00e7ekle\u015ftirdikleri iki ter\u00f6r eylemini keskin ifadelerle k\u0131nad\u0131<\/p>\n","protected":false},"author":1,"featured_media":0,"comment_status":"closed","ping_status":"closed","sticky":false,"template":"","format":"standard","meta":{"footnotes":""},"categories":[17991],"tags":[],"class_list":["post-100017","post","type-post","status-publish","format-standard","","category-son-dakika"],"_links":{"self":[{"href":"https:\/\/archive.sana.sy\/tr\/index.php?rest_route=\/wp\/v2\/posts\/100017","targetHints":{"allow":["GET"]}}],"collection":[{"href":"https:\/\/archive.sana.sy\/tr\/index.php?rest_route=\/wp\/v2\/posts"}],"about":[{"href":"https:\/\/archive.sana.sy\/tr\/index.php?rest_route=\/wp\/v2\/types\/post"}],"author":[{"embeddable":true,"href":"https:\/\/archive.sana.sy\/tr\/index.php?rest_route=\/wp\/v2\/users\/1"}],"replies":[{"embeddable":true,"href":"https:\/\/archive.sana.sy\/tr\/index.php?rest_route=%2Fwp%2Fv2%2Fcomments&post=100017"}],"version-history":[{"count":0,"href":"https:\/\/archive.sana.sy\/tr\/index.php?rest_route=\/wp\/v2\/posts\/100017\/revisions"}],"wp:attachment":[{"href":"https:\/\/archive.sana.sy\/tr\/index.php?rest_route=%2Fwp%2Fv2%2Fmedia&parent=100017"}],"wp:term":[{"taxonomy":"category","embeddable":true,"href":"https:\/\/archive.sana.sy\/tr\/index.php?rest_route=%2Fwp%2Fv2%2Fcategories&post=100017"},{"taxonomy":"post_tag","embeddable":true,"href":"https:\/\/archive.sana.sy\/tr\/index.php?rest_route=%2Fwp%2Fv2%2Ftags&post=100017"}],"curies":[{"name":"wp","href":"https:\/\/api.w.org\/{rel}","templated":true}]}}