{"id":100019,"date":"2016-12-31T15:42:37","date_gmt":"2016-12-31T13:42:37","guid":{"rendered":"http:\/\/www.sana.sy\/tr\/?p=100019"},"modified":"2016-12-31T15:47:15","modified_gmt":"2016-12-31T13:47:15","slug":"yetkili-kaynak-bu-iki-bombali-teror-saldirisinin-irak-ordusu-ve-halk-guclerinin-hasd-el-sabi-musul-kentini-terorden-kurtarma-amacli-operasyonlarinda-sagladigi-basarilara-golge-dusurme-ve-isid","status":"publish","type":"post","link":"https:\/\/archive.sana.sy\/tr\/?p=100019","title":{"rendered":"Yetkili kaynak bu iki bombal\u0131 ter\u00f6r sald\u0131r\u0131s\u0131n\u0131n, Irak ordusu ve Halk G\u00fc\u00e7lerinin (Ha\u015fd el \u015eabi) Musul Kentini ter\u00f6rden kurtarma ama\u00e7l\u0131 operasyonlar\u0131nda sa\u011flad\u0131\u011f\u0131 ba\u015far\u0131lara g\u00f6lge d\u00fc\u015f\u00fcrme ve I\u015e\u0130D\u2019in yenilgisini \u00f6rtbas etme ama\u00e7l\u0131 olarak ger\u00e7ekle\u015ftirildiklerine dikkat \u00e7ekti"},"content":{"rendered":"<p>Yetkili kaynak bu iki bombal\u0131 ter\u00f6r sald\u0131r\u0131s\u0131n\u0131n, Irak ordusu ve Halk G\u00fc\u00e7lerinin (Ha\u015fd el \u015eabi) Musul Kentini ter\u00f6rden kurtarma ama\u00e7l\u0131 operasyonlar\u0131nda sa\u011flad\u0131\u011f\u0131 ba\u015far\u0131lara g\u00f6lge d\u00fc\u015f\u00fcrme ve I\u015e\u0130D\u2019in yenilgisini \u00f6rtbas etme ama\u00e7l\u0131 olarak ger\u00e7ekle\u015ftirildiklerine dikkat \u00e7ekti<\/p>\n","protected":false},"excerpt":{"rendered":"<p>Yetkili kaynak bu iki bombal\u0131 ter\u00f6r sald\u0131r\u0131s\u0131n\u0131n, Irak ordusu ve Halk G\u00fc\u00e7lerinin (Ha\u015fd el \u015eabi) Musul Kentini ter\u00f6rden kurtarma ama\u00e7l\u0131 operasyonlar\u0131nda sa\u011flad\u0131\u011f\u0131 ba\u015far\u0131lara g\u00f6lge d\u00fc\u015f\u00fcrme ve I\u015e\u0130D\u2019in yenilgisini \u00f6rtbas etme ama\u00e7l\u0131 olarak ger\u00e7ekle\u015ftirildiklerine dikkat \u00e7ekti<\/p>\n","protected":false},"author":1,"featured_media":0,"comment_status":"closed","ping_status":"closed","sticky":false,"template":"","format":"standard","meta":{"footnotes":""},"categories":[17991],"tags":[],"class_list":["post-100019","post","type-post","status-publish","format-standard","","category-son-dakika"],"_links":{"self":[{"href":"https:\/\/archive.sana.sy\/tr\/index.php?rest_route=\/wp\/v2\/posts\/100019","targetHints":{"allow":["GET"]}}],"collection":[{"href":"https:\/\/archive.sana.sy\/tr\/index.php?rest_route=\/wp\/v2\/posts"}],"about":[{"href":"https:\/\/archive.sana.sy\/tr\/index.php?rest_route=\/wp\/v2\/types\/post"}],"author":[{"embeddable":true,"href":"https:\/\/archive.sana.sy\/tr\/index.php?rest_route=\/wp\/v2\/users\/1"}],"replies":[{"embeddable":true,"href":"https:\/\/archive.sana.sy\/tr\/index.php?rest_route=%2Fwp%2Fv2%2Fcomments&post=100019"}],"version-history":[{"count":0,"href":"https:\/\/archive.sana.sy\/tr\/index.php?rest_route=\/wp\/v2\/posts\/100019\/revisions"}],"wp:attachment":[{"href":"https:\/\/archive.sana.sy\/tr\/index.php?rest_route=%2Fwp%2Fv2%2Fmedia&parent=100019"}],"wp:term":[{"taxonomy":"category","embeddable":true,"href":"https:\/\/archive.sana.sy\/tr\/index.php?rest_route=%2Fwp%2Fv2%2Fcategories&post=100019"},{"taxonomy":"post_tag","embeddable":true,"href":"https:\/\/archive.sana.sy\/tr\/index.php?rest_route=%2Fwp%2Fv2%2Ftags&post=100019"}],"curies":[{"name":"wp","href":"https:\/\/api.w.org\/{rel}","templated":true}]}}