{"id":100023,"date":"2016-12-31T15:49:26","date_gmt":"2016-12-31T13:49:26","guid":{"rendered":"http:\/\/www.sana.sy\/tr\/?p=100023"},"modified":"2016-12-31T15:54:45","modified_gmt":"2016-12-31T13:54:45","slug":"yetkili-kaynak-suriyenin-ayni-zamanda-uluslar-arasi-toplumdan-terorle-mucadeleye-iliskin-uluslar-arasi-kararlarin-tarafsiz-ve-ciddi-bir-sekilde-hayata-gecirilmesini-talep-ettiginin-altini-cizdi","status":"publish","type":"post","link":"https:\/\/archive.sana.sy\/tr\/?p=100023","title":{"rendered":"Yetkili kaynak Suriye&#8217;nin ayn\u0131 zamanda uluslar aras\u0131 toplumdan ter\u00f6rle m\u00fccadeleye ili\u015fkin uluslar aras\u0131 kararlar\u0131n tarafs\u0131z ve ciddi bir \u015fekilde hayata ge\u00e7irilmesini talep etti\u011finin alt\u0131n\u0131 \u00e7izdi"},"content":{"rendered":"<p>Yetkili kaynak Suriye&#8217;nin ayn\u0131 zamanda uluslar aras\u0131 toplumdan ter\u00f6rle m\u00fccadeleye ili\u015fkin uluslar aras\u0131 kararlar\u0131n tarafs\u0131z ve ciddi bir \u015fekilde hayata ge\u00e7irilmesini talep etti\u011finin alt\u0131n\u0131 \u00e7izdi<\/p>\n","protected":false},"excerpt":{"rendered":"<p>Yetkili kaynak Suriye&#8217;nin ayn\u0131 zamanda uluslar aras\u0131 toplumdan ter\u00f6rle m\u00fccadeleye ili\u015fkin uluslar aras\u0131 kararlar\u0131n tarafs\u0131z ve ciddi bir \u015fekilde hayata ge\u00e7irilmesini talep etti\u011finin alt\u0131n\u0131 \u00e7izdi<\/p>\n","protected":false},"author":1,"featured_media":0,"comment_status":"closed","ping_status":"closed","sticky":false,"template":"","format":"standard","meta":{"footnotes":""},"categories":[17991],"tags":[],"class_list":["post-100023","post","type-post","status-publish","format-standard","","category-son-dakika"],"_links":{"self":[{"href":"https:\/\/archive.sana.sy\/tr\/index.php?rest_route=\/wp\/v2\/posts\/100023","targetHints":{"allow":["GET"]}}],"collection":[{"href":"https:\/\/archive.sana.sy\/tr\/index.php?rest_route=\/wp\/v2\/posts"}],"about":[{"href":"https:\/\/archive.sana.sy\/tr\/index.php?rest_route=\/wp\/v2\/types\/post"}],"author":[{"embeddable":true,"href":"https:\/\/archive.sana.sy\/tr\/index.php?rest_route=\/wp\/v2\/users\/1"}],"replies":[{"embeddable":true,"href":"https:\/\/archive.sana.sy\/tr\/index.php?rest_route=%2Fwp%2Fv2%2Fcomments&post=100023"}],"version-history":[{"count":0,"href":"https:\/\/archive.sana.sy\/tr\/index.php?rest_route=\/wp\/v2\/posts\/100023\/revisions"}],"wp:attachment":[{"href":"https:\/\/archive.sana.sy\/tr\/index.php?rest_route=%2Fwp%2Fv2%2Fmedia&parent=100023"}],"wp:term":[{"taxonomy":"category","embeddable":true,"href":"https:\/\/archive.sana.sy\/tr\/index.php?rest_route=%2Fwp%2Fv2%2Fcategories&post=100023"},{"taxonomy":"post_tag","embeddable":true,"href":"https:\/\/archive.sana.sy\/tr\/index.php?rest_route=%2Fwp%2Fv2%2Ftags&post=100023"}],"curies":[{"name":"wp","href":"https:\/\/api.w.org\/{rel}","templated":true}]}}