{"id":100062,"date":"2017-01-01T10:30:57","date_gmt":"2017-01-01T08:30:57","guid":{"rendered":"http:\/\/www.sana.sy\/tr\/?p=100062"},"modified":"2017-01-02T13:26:02","modified_gmt":"2017-01-02T11:26:02","slug":"yilbasi-gecesinde-facia-onlendi","status":"publish","type":"post","link":"https:\/\/archive.sana.sy\/tr\/?p=100062","title":{"rendered":"Y\u0131lba\u015f\u0131 Gecesinde Facia \u00d6nlendi"},"content":{"rendered":"<p>TARTUS \u2013 \u0130ntihar eylemcisi iki ter\u00f6rist d\u00fcn gece yar\u0131s\u0131ndan sonra Tartus Kenti deniz sahilinin Korni\u015f B\u00f6lgesinde kendilerini havaya u\u00e7urdu.<\/p>\n<p>SANA\u2019n\u0131n Tartus muhabiri; g\u00fcvenlik devriyelerinin, intihar yele\u011fi ku\u015fanan iki canl\u0131 bombay\u0131 kendilerini sivillerin aras\u0131nda havaya u\u00e7urmaya \u00e7al\u0131\u015fmalar\u0131 \u00f6ncesinde tutuklamalar\u0131 ard\u0131ndan canl\u0131 bombalar\u0131n kendilerini havaya u\u00e7urduklar\u0131n\u0131 aktard\u0131. Muhabir bombal\u0131 ter\u00f6r eylemi sonucunda g\u00fcvenlik devriyesinden 2 eleman\u0131n \u015fehit d\u00fc\u015ft\u00fcklerini belirtti.<\/p>\n<p>Olay yerini ziyaret edip incelemelerde bulunan Tartus Valisi Safvan Ebu Sadi; g\u00fcvenlik birimlerinin, canl\u0131 bombalar\u0131n Korni\u015f B\u00f6lgesinde sivil vatanda\u015flar\u0131n yo\u011fun olduklar\u0131 b\u00f6lgeye ula\u015fmalar\u0131 ve y\u0131lba\u015f\u0131 gecesinde insani bir faciaya yol a\u00e7malar\u0131n\u0131 engellediklerine dikkat \u00e7ekti.<\/p>\n","protected":false},"excerpt":{"rendered":"<p>TARTUS \u2013 \u0130ntihar eylemcisi iki ter\u00f6rist d\u00fcn gece yar\u0131s\u0131ndan sonra Tartus Kenti deniz sahilinin Korni\u015f B\u00f6lgesinde kendilerini havaya u\u00e7urdu. SANA\u2019n\u0131n Tartus muhabiri; g\u00fcvenlik devriyelerinin, intihar yele\u011fi ku\u015fanan iki canl\u0131 bombay\u0131 kendilerini sivillerin aras\u0131nda havaya u\u00e7urmaya \u00e7al\u0131\u015fmalar\u0131 \u00f6ncesinde tutuklamalar\u0131 ard\u0131ndan canl\u0131 bombalar\u0131n kendilerini havaya u\u00e7urduklar\u0131n\u0131 aktard\u0131. Muhabir bombal\u0131 ter\u00f6r eylemi sonucunda g\u00fcvenlik devriyesinden 2 eleman\u0131n \u015fehit &hellip;<\/p>\n","protected":false},"author":1,"featured_media":100063,"comment_status":"closed","ping_status":"closed","sticky":false,"template":"","format":"standard","meta":{"footnotes":""},"categories":[575,17988],"tags":[26353,26373,12172,21294,18950,26372],"class_list":["post-100062","post","type-post","status-publish","format-standard","has-post-thumbnail","","category-olaylar-ve-gercekler","category-son-haberler","tag-intihar-yelegi","tag-sananin-tartus-muhabiri","tag-tartus","tag-tartus-kenti","tag-tartus-valisi-safvan-ebu-sadi","tag-yilbasi-gecesinde-facia-onlendi"],"_links":{"self":[{"href":"https:\/\/archive.sana.sy\/tr\/index.php?rest_route=\/wp\/v2\/posts\/100062","targetHints":{"allow":["GET"]}}],"collection":[{"href":"https:\/\/archive.sana.sy\/tr\/index.php?rest_route=\/wp\/v2\/posts"}],"about":[{"href":"https:\/\/archive.sana.sy\/tr\/index.php?rest_route=\/wp\/v2\/types\/post"}],"author":[{"embeddable":true,"href":"https:\/\/archive.sana.sy\/tr\/index.php?rest_route=\/wp\/v2\/users\/1"}],"replies":[{"embeddable":true,"href":"https:\/\/archive.sana.sy\/tr\/index.php?rest_route=%2Fwp%2Fv2%2Fcomments&post=100062"}],"version-history":[{"count":0,"href":"https:\/\/archive.sana.sy\/tr\/index.php?rest_route=\/wp\/v2\/posts\/100062\/revisions"}],"wp:featuredmedia":[{"embeddable":true,"href":"https:\/\/archive.sana.sy\/tr\/index.php?rest_route=\/wp\/v2\/media\/100063"}],"wp:attachment":[{"href":"https:\/\/archive.sana.sy\/tr\/index.php?rest_route=%2Fwp%2Fv2%2Fmedia&parent=100062"}],"wp:term":[{"taxonomy":"category","embeddable":true,"href":"https:\/\/archive.sana.sy\/tr\/index.php?rest_route=%2Fwp%2Fv2%2Fcategories&post=100062"},{"taxonomy":"post_tag","embeddable":true,"href":"https:\/\/archive.sana.sy\/tr\/index.php?rest_route=%2Fwp%2Fv2%2Ftags&post=100062"}],"curies":[{"name":"wp","href":"https:\/\/api.w.org\/{rel}","templated":true}]}}