{"id":100088,"date":"2017-01-01T13:52:58","date_gmt":"2017-01-01T11:52:58","guid":{"rendered":"http:\/\/www.sana.sy\/tr\/?p=100088"},"modified":"2017-01-02T13:32:51","modified_gmt":"2017-01-02T11:32:51","slug":"radikal-teroristlerin-agir-kayiplari-devam-ediyor","status":"publish","type":"post","link":"https:\/\/archive.sana.sy\/tr\/?p=100088","title":{"rendered":"Radikal Ter\u00f6ristlerin A\u011f\u0131r Kay\u0131plar\u0131 Devam Ediyor"},"content":{"rendered":"<p>\u0130LLER \u2013 Hava g\u00fc\u00e7lerimiz ve top\u00e7u birliklerimizin deste\u011fi ile I\u015e\u0130D ve Nusra Cephesine y\u00f6nelik operasyonlar\u0131n\u0131 s\u00fcrd\u00fcren ordu birliklerimiz, aralar\u0131nda bariz isimlerin bulundu\u011fu \u00e7ok say\u0131da radikal ter\u00f6risti ara\u00e7 ve cephaneleriyle birlikte etkisiz hale getirmeye devam etti.<\/p>\n<p><span style=\"color: #0000ff\">DEYREZZOR<\/span>:<\/p>\n<p>Askeri kaynak Deyrezzor\u2019da askeri havaliman\u0131n\u0131 koruyan ordu birliklerimizin son saatler i\u00e7inde havaliman\u0131n\u0131n do\u011fu kenarlar\u0131nda I\u015e\u0130D\u2019li radikal \u00e7etelerle \u015fiddetli \u00e7at\u0131\u015fmalara girdiklerini belirtti. Kaynak aralar\u0131nda bariz tehlikeli isimlerin bulundu\u011fu \u00e7ok say\u0131da radikal ter\u00f6ristin \u00f6ld\u00fcr\u00fclmesi ve ekipmanlar\u0131n\u0131n imha edilmesi ard\u0131ndan sa\u011f kalan \u00e7etelerin ka\u00e7t\u0131klar\u0131n\u0131 aktard\u0131.<\/p>\n<p>Asker kaynak Deyrezzor Kentinde ise ordu birliklerimizin Cbeyle ve Sanayi semtlerinde radikal ter\u00f6r \u00f6rg\u00fct\u00fcn\u00fcn siper ve f\u00fcze rampalar\u0131n\u0131 yo\u011fun top ate\u015fine tuttuklar\u0131n\u0131 ifade etti. Kaynak bir\u00e7ok f\u00fcze rampas\u0131 ve siperin imha edildi\u011fi top ate\u015finde radikal \u00e7etelerin yine say\u0131 ve ekipmanlar\u0131yla ciddi kay\u0131plara u\u011frat\u0131ld\u0131klar\u0131na dikkat \u00e7ekti.<\/p>\n<p><span style=\"color: #0000ff\">HOMS<\/span>:<\/p>\n<p>Ordu birliklerimizin Homs k\u0131rsal\u0131n\u0131n do\u011fusunda I\u015e\u0130D \u00e7etelerine y\u00f6nelik operasyonlar\u0131n\u0131 ba\u015far\u0131yla s\u00fcrd\u00fcrd\u00fcklerini belirten askeri kaynak; Ar\u015funa K\u00f6y\u00fc, Teyyas K\u00f6y\u00fcn\u00fcn do\u011fusu, 4. Petrol Pompalama \u0130stasyonunun do\u011fusu, Favaira Petrol Kuyusunun yak\u0131nlar\u0131, Kasr el Heyr B\u00f6lgesinin civar\u0131 ve Karyeteyn Kentinin do\u011fusunda I\u015e\u0130D\u2019in karargahlar\u0131, siperleri ve ikmal hatlar\u0131n\u0131n yo\u011fun top ve f\u00fcze ate\u015fine tutulduklar\u0131n\u0131 s\u00f6yledi.<\/p>\n<p>Operasyonlarda aralar\u0131nda saha komutanlar\u0131n\u0131n bulundu\u011fu onlarca radikal ter\u00f6ristin \u00f6ld\u00fcr\u00fcld\u00fc\u011f\u00fcn\u00fc kaydeden kaynak; bir k\u0131sm\u0131 z\u0131rhl\u0131, bir k\u0131sm\u0131 da a\u011f\u0131r silahlarla donat\u0131lm\u0131\u015f bir\u00e7ok araca ek olarak \u00f6zel ve kamu m\u00fclkleri sabote etmede kulland\u0131klar\u0131 bir dozerin imha edildi\u011fini aktard\u0131.<\/p>\n","protected":false},"excerpt":{"rendered":"<p>\u0130LLER \u2013 Hava g\u00fc\u00e7lerimiz ve top\u00e7u birliklerimizin deste\u011fi ile I\u015e\u0130D ve Nusra Cephesine y\u00f6nelik operasyonlar\u0131n\u0131 s\u00fcrd\u00fcren ordu birliklerimiz, aralar\u0131nda bariz isimlerin bulundu\u011fu \u00e7ok say\u0131da radikal ter\u00f6risti ara\u00e7 ve cephaneleriyle birlikte etkisiz hale getirmeye devam etti. DEYREZZOR: Askeri kaynak Deyrezzor\u2019da askeri havaliman\u0131n\u0131 koruyan ordu birliklerimizin son saatler i\u00e7inde havaliman\u0131n\u0131n do\u011fu kenarlar\u0131nda I\u015e\u0130D\u2019li radikal \u00e7etelerle \u015fiddetli \u00e7at\u0131\u015fmalara &hellip;<\/p>\n","protected":false},"author":1,"featured_media":100091,"comment_status":"closed","ping_status":"closed","sticky":false,"template":"","format":"standard","meta":{"footnotes":""},"categories":[575,17988],"tags":[3464,26385,2494,26383,2318,26384,20394,26382,18632,22429,11549,19174,24433,7657,26386],"class_list":["post-100088","post","type-post","status-publish","format-standard","has-post-thumbnail","","category-olaylar-ve-gercekler","category-son-haberler","tag-nusra-cephesi","tag-arsuna-koyu","tag-deyrezzor","tag-homs-kirsali","tag-isid","tag-isid-ve-nusra-cephesi","tag-karyeteyn-kenti","tag-radikal-teroristlerin-agir-kayiplari-devam-ediyor","tag-sana","tag-suriye-ordusunun-operasyonlari","tag-suriye-ordusu","tag-suriyede-son-durumlar","tag-suriyede-yasam","tag-teror-orgutleri","tag-teyyas-koyunun-dogusu"],"_links":{"self":[{"href":"https:\/\/archive.sana.sy\/tr\/index.php?rest_route=\/wp\/v2\/posts\/100088","targetHints":{"allow":["GET"]}}],"collection":[{"href":"https:\/\/archive.sana.sy\/tr\/index.php?rest_route=\/wp\/v2\/posts"}],"about":[{"href":"https:\/\/archive.sana.sy\/tr\/index.php?rest_route=\/wp\/v2\/types\/post"}],"author":[{"embeddable":true,"href":"https:\/\/archive.sana.sy\/tr\/index.php?rest_route=\/wp\/v2\/users\/1"}],"replies":[{"embeddable":true,"href":"https:\/\/archive.sana.sy\/tr\/index.php?rest_route=%2Fwp%2Fv2%2Fcomments&post=100088"}],"version-history":[{"count":0,"href":"https:\/\/archive.sana.sy\/tr\/index.php?rest_route=\/wp\/v2\/posts\/100088\/revisions"}],"wp:featuredmedia":[{"embeddable":true,"href":"https:\/\/archive.sana.sy\/tr\/index.php?rest_route=\/wp\/v2\/media\/100091"}],"wp:attachment":[{"href":"https:\/\/archive.sana.sy\/tr\/index.php?rest_route=%2Fwp%2Fv2%2Fmedia&parent=100088"}],"wp:term":[{"taxonomy":"category","embeddable":true,"href":"https:\/\/archive.sana.sy\/tr\/index.php?rest_route=%2Fwp%2Fv2%2Fcategories&post=100088"},{"taxonomy":"post_tag","embeddable":true,"href":"https:\/\/archive.sana.sy\/tr\/index.php?rest_route=%2Fwp%2Fv2%2Ftags&post=100088"}],"curies":[{"name":"wp","href":"https:\/\/api.w.org\/{rel}","templated":true}]}}