{"id":100139,"date":"2017-01-01T14:57:47","date_gmt":"2017-01-01T12:57:47","guid":{"rendered":"http:\/\/www.sana.sy\/tr\/?p=100139"},"modified":"2017-01-02T13:25:18","modified_gmt":"2017-01-02T11:25:18","slug":"radikal-teroristler-yine-sivillere-saldirdi-2","status":"publish","type":"post","link":"https:\/\/archive.sana.sy\/tr\/?p=100139","title":{"rendered":"Radikal Ter\u00f6ristler Yine Sivillere Sald\u0131rd\u0131"},"content":{"rendered":"<p>\u015eAM KIRSALI \u2013 Uluslar aras\u0131 ter\u00f6r \u00f6rg\u00fctleri listesinde yer alan ve \u0130srail\u2019den destek alan Nusra Cephesi \u015eam k\u0131rsal\u0131n\u0131n g\u00fcneybat\u0131s\u0131 Harfa K\u00f6y\u00fcnde sivil vatanda\u015flar\u0131 havan roketleri ve a\u011f\u0131r makineli silahlarla hedef ald\u0131.<\/p>\n<p>Saha kaynaklar\u0131; Beyt Cin Mezras\u0131nda siperlenen radikal ter\u00f6ristlerin bug\u00fcn \u00f6\u011flen saatlerinde Harfa K\u00f6y\u00fcnde sivil evleri ve vatanda\u015flar\u0131 havan roketleri ve makineli silahlarla hedef ald\u0131klar\u0131n\u0131 aktard\u0131. Kaynaklar ter\u00f6r sald\u0131r\u0131lar\u0131nda \u015fans eseri be\u015feri isabetlerin olmad\u0131\u011f\u0131n\u0131, fakat vatanda\u015flar\u0131n evleri ve hizmet \u015febekelerinde maddi hasarlar\u0131n meydana geldi\u011fini aktard\u0131.<\/p>\n","protected":false},"excerpt":{"rendered":"<p>\u015eAM KIRSALI \u2013 Uluslar aras\u0131 ter\u00f6r \u00f6rg\u00fctleri listesinde yer alan ve \u0130srail\u2019den destek alan Nusra Cephesi \u015eam k\u0131rsal\u0131n\u0131n g\u00fcneybat\u0131s\u0131 Harfa K\u00f6y\u00fcnde sivil vatanda\u015flar\u0131 havan roketleri ve a\u011f\u0131r makineli silahlarla hedef ald\u0131. Saha kaynaklar\u0131; Beyt Cin Mezras\u0131nda siperlenen radikal ter\u00f6ristlerin bug\u00fcn \u00f6\u011flen saatlerinde Harfa K\u00f6y\u00fcnde sivil evleri ve vatanda\u015flar\u0131 havan roketleri ve makineli silahlarla hedef ald\u0131klar\u0131n\u0131 &hellip;<\/p>\n","protected":false},"author":1,"featured_media":100140,"comment_status":"closed","ping_status":"closed","sticky":false,"template":"","format":"standard","meta":{"footnotes":""},"categories":[479,575,17988,478],"tags":[26388],"class_list":["post-100139","post","type-post","status-publish","format-standard","has-post-thumbnail","","category-haberler-yerel","category-olaylar-ve-gercekler","category-son-haberler","category-yerel","tag-radikal-teroristler-yine-sivillere-saldirdi"],"_links":{"self":[{"href":"https:\/\/archive.sana.sy\/tr\/index.php?rest_route=\/wp\/v2\/posts\/100139","targetHints":{"allow":["GET"]}}],"collection":[{"href":"https:\/\/archive.sana.sy\/tr\/index.php?rest_route=\/wp\/v2\/posts"}],"about":[{"href":"https:\/\/archive.sana.sy\/tr\/index.php?rest_route=\/wp\/v2\/types\/post"}],"author":[{"embeddable":true,"href":"https:\/\/archive.sana.sy\/tr\/index.php?rest_route=\/wp\/v2\/users\/1"}],"replies":[{"embeddable":true,"href":"https:\/\/archive.sana.sy\/tr\/index.php?rest_route=%2Fwp%2Fv2%2Fcomments&post=100139"}],"version-history":[{"count":0,"href":"https:\/\/archive.sana.sy\/tr\/index.php?rest_route=\/wp\/v2\/posts\/100139\/revisions"}],"wp:featuredmedia":[{"embeddable":true,"href":"https:\/\/archive.sana.sy\/tr\/index.php?rest_route=\/wp\/v2\/media\/100140"}],"wp:attachment":[{"href":"https:\/\/archive.sana.sy\/tr\/index.php?rest_route=%2Fwp%2Fv2%2Fmedia&parent=100139"}],"wp:term":[{"taxonomy":"category","embeddable":true,"href":"https:\/\/archive.sana.sy\/tr\/index.php?rest_route=%2Fwp%2Fv2%2Fcategories&post=100139"},{"taxonomy":"post_tag","embeddable":true,"href":"https:\/\/archive.sana.sy\/tr\/index.php?rest_route=%2Fwp%2Fv2%2Ftags&post=100139"}],"curies":[{"name":"wp","href":"https:\/\/api.w.org\/{rel}","templated":true}]}}