{"id":100202,"date":"2017-01-02T13:32:13","date_gmt":"2017-01-02T11:32:13","guid":{"rendered":"http:\/\/www.sana.sy\/tr\/?p=100202"},"modified":"2017-01-03T16:06:50","modified_gmt":"2017-01-03T14:06:50","slug":"radikal-teroristlerin-mevkileri-top-atesine-tutuldu","status":"publish","type":"post","link":"https:\/\/archive.sana.sy\/tr\/?p=100202","title":{"rendered":"Radikal Ter\u00f6ristlerin Mevkileri Top Ate\u015fine Tutuldu"},"content":{"rendered":"<p>HOMS \u2013 Ordu birliklerimiz \u00e7at\u0131\u015fmalar\u0131n durdurulmas\u0131 anla\u015fmas\u0131ndan istisna tutulan I\u015e\u0130D ve Nusra Cephesine y\u00f6nelik operasyonlar\u0131n\u0131 s\u00fcrd\u00fcr\u00fcrlerken, bu radikal ter\u00f6r \u00e7etelerin karargah ve hareket eksenlerini yo\u011fun ate\u015fe tuttu.<\/p>\n<p>Askeri kaynak SANA\u2019ya a\u00e7\u0131klamalar\u0131nda; top\u00e7u birliklerimizin Homs Kentinin yakla\u015f\u0131k 18 km kuzeyinde yer alan Um \u015ear\u015fuh Beldesinde Kaide \u00d6rg\u00fct\u00fcn\u00fcn Suriye kolu Nusra Cephesinin karargah ve toplanma yerlerini yo\u011fun top ate\u015fine tuttuklar\u0131n\u0131 belirtti.<\/p>\n<p>Kaynak top ate\u015finde aralar\u0131nda radikal ter\u00f6r \u00f6rg\u00fct\u00fcn\u00fcn s\u00f6zde Havan B\u00f6l\u00fc\u011f\u00fc komutan\u0131 olarak bilinen Muhammed Ali Affara ve daha ba\u015fka tehlikeli isimlerin bulundu\u011fu \u00e7ok say\u0131da ter\u00f6ristin havan rampalar\u0131, a\u011f\u0131r silahlar\u0131 ve 4X4 \u00e7eker bir ara\u00e7lar\u0131yla tamamen etkisiz hale getirildiklerini aktard\u0131.<\/p>\n<p>Ordu birliklerimiz d\u00fcn Homs k\u0131rsal\u0131n\u0131n do\u011fusunda aralar\u0131nda saha komutanlar\u0131n\u0131n bulundu\u011fu I\u015e\u0130D\u2019li onlarca ter\u00f6ristle birlikte bir z\u0131rhl\u0131 ara\u00e7 ve a\u011f\u0131r silahla donat\u0131lm\u0131\u015f 4X4 \u00e7eker bir arac\u0131 imha etmi\u015flerdi.<\/p>\n","protected":false},"excerpt":{"rendered":"<p>HOMS \u2013 Ordu birliklerimiz \u00e7at\u0131\u015fmalar\u0131n durdurulmas\u0131 anla\u015fmas\u0131ndan istisna tutulan I\u015e\u0130D ve Nusra Cephesine y\u00f6nelik operasyonlar\u0131n\u0131 s\u00fcrd\u00fcr\u00fcrlerken, bu radikal ter\u00f6r \u00e7etelerin karargah ve hareket eksenlerini yo\u011fun ate\u015fe tuttu. Askeri kaynak SANA\u2019ya a\u00e7\u0131klamalar\u0131nda; top\u00e7u birliklerimizin Homs Kentinin yakla\u015f\u0131k 18 km kuzeyinde yer alan Um \u015ear\u015fuh Beldesinde Kaide \u00d6rg\u00fct\u00fcn\u00fcn Suriye kolu Nusra Cephesinin karargah ve toplanma yerlerini yo\u011fun &hellip;<\/p>\n","protected":false},"author":1,"featured_media":100205,"comment_status":"closed","ping_status":"closed","sticky":false,"template":"","format":"standard","meta":{"footnotes":""},"categories":[575,17988],"tags":[26401],"class_list":["post-100202","post","type-post","status-publish","format-standard","has-post-thumbnail","","category-olaylar-ve-gercekler","category-son-haberler","tag-radikal-teroristlerin-mevkileri-top-atesine-tutuldu"],"_links":{"self":[{"href":"https:\/\/archive.sana.sy\/tr\/index.php?rest_route=\/wp\/v2\/posts\/100202","targetHints":{"allow":["GET"]}}],"collection":[{"href":"https:\/\/archive.sana.sy\/tr\/index.php?rest_route=\/wp\/v2\/posts"}],"about":[{"href":"https:\/\/archive.sana.sy\/tr\/index.php?rest_route=\/wp\/v2\/types\/post"}],"author":[{"embeddable":true,"href":"https:\/\/archive.sana.sy\/tr\/index.php?rest_route=\/wp\/v2\/users\/1"}],"replies":[{"embeddable":true,"href":"https:\/\/archive.sana.sy\/tr\/index.php?rest_route=%2Fwp%2Fv2%2Fcomments&post=100202"}],"version-history":[{"count":0,"href":"https:\/\/archive.sana.sy\/tr\/index.php?rest_route=\/wp\/v2\/posts\/100202\/revisions"}],"wp:featuredmedia":[{"embeddable":true,"href":"https:\/\/archive.sana.sy\/tr\/index.php?rest_route=\/wp\/v2\/media\/100205"}],"wp:attachment":[{"href":"https:\/\/archive.sana.sy\/tr\/index.php?rest_route=%2Fwp%2Fv2%2Fmedia&parent=100202"}],"wp:term":[{"taxonomy":"category","embeddable":true,"href":"https:\/\/archive.sana.sy\/tr\/index.php?rest_route=%2Fwp%2Fv2%2Fcategories&post=100202"},{"taxonomy":"post_tag","embeddable":true,"href":"https:\/\/archive.sana.sy\/tr\/index.php?rest_route=%2Fwp%2Fv2%2Ftags&post=100202"}],"curies":[{"name":"wp","href":"https:\/\/api.w.org\/{rel}","templated":true}]}}