{"id":100225,"date":"2017-01-02T16:12:47","date_gmt":"2017-01-02T14:12:47","guid":{"rendered":"http:\/\/www.sana.sy\/tr\/?p=100225"},"modified":"2017-01-03T13:48:38","modified_gmt":"2017-01-03T11:48:38","slug":"bomba-duzenekleri-etkisiz-hale-getirildi","status":"publish","type":"post","link":"https:\/\/archive.sana.sy\/tr\/?p=100225","title":{"rendered":"Bomba D\u00fczenekleri Etkisiz Hale Getirildi"},"content":{"rendered":"<p>S\u00dcVEYDA \u2013 Ordu birliklerimize tabi bomba imha ekipleri bug\u00fcn S\u00fcveyda k\u0131rsal\u0131n\u0131n kuzeybat\u0131s\u0131nda yer alan Lebin Beldesinde belediye binas\u0131 \u00f6n\u00fcnde yerle\u015ftirilen 2 bomba d\u00fczene\u011fini etkisiz hale getirdi.<\/p>\n<p>S\u00fcveyda Valili\u011finde bir kaynak SANA muhabirine a\u00e7\u0131klamas\u0131nda; ter\u00f6ristlerin uzaktan kumandal\u0131 cihazlarla havaya u\u00e7urmak \u00fczere belediye binas\u0131 \u00f6n\u00fcnde yerle\u015ftirdikleri iki bomba d\u00fczene\u011finin bomba imha ekipleri taraf\u0131ndan etkisiz hale getirildiklerini belirtti. Kaynak her biri yakla\u015f\u0131k 20 kg a\u011f\u0131rl\u0131\u011f\u0131nda olan iki bomba d\u00fczene\u011finin bir birine paralel olarak ba\u011flanm\u0131\u015f olduklar\u0131n\u0131 kaydetti.<\/p>\n<p>Dera il idari s\u0131n\u0131rlar\u0131na yak\u0131n d\u00fc\u015fen s\u00f6z konusu belde, \u0130srail destekli radikal ter\u00f6ristler taraf\u0131ndan s\u0131k s\u0131k ter\u00f6r sald\u0131r\u0131lar\u0131na maruz kal\u0131yor.<\/p>\n","protected":false},"excerpt":{"rendered":"<p>S\u00dcVEYDA \u2013 Ordu birliklerimize tabi bomba imha ekipleri bug\u00fcn S\u00fcveyda k\u0131rsal\u0131n\u0131n kuzeybat\u0131s\u0131nda yer alan Lebin Beldesinde belediye binas\u0131 \u00f6n\u00fcnde yerle\u015ftirilen 2 bomba d\u00fczene\u011fini etkisiz hale getirdi. S\u00fcveyda Valili\u011finde bir kaynak SANA muhabirine a\u00e7\u0131klamas\u0131nda; ter\u00f6ristlerin uzaktan kumandal\u0131 cihazlarla havaya u\u00e7urmak \u00fczere belediye binas\u0131 \u00f6n\u00fcnde yerle\u015ftirdikleri iki bomba d\u00fczene\u011finin bomba imha ekipleri taraf\u0131ndan etkisiz hale getirildiklerini belirtti. &hellip;<\/p>\n","protected":false},"author":1,"featured_media":100228,"comment_status":"closed","ping_status":"closed","sticky":false,"template":"","format":"standard","meta":{"footnotes":""},"categories":[575,17988],"tags":[17816,26407,26408,26203,18237,18674],"class_list":["post-100225","post","type-post","status-publish","format-standard","has-post-thumbnail","","category-olaylar-ve-gercekler","category-son-haberler","tag-bomba-duzenegi","tag-bomba-duzenekleri-etkisiz-hale-getirildi","tag-bombalar-etkisizlestirildi","tag-bubi-tuzagi","tag-cihatcilar","tag-silahli-muhalifler"],"_links":{"self":[{"href":"https:\/\/archive.sana.sy\/tr\/index.php?rest_route=\/wp\/v2\/posts\/100225","targetHints":{"allow":["GET"]}}],"collection":[{"href":"https:\/\/archive.sana.sy\/tr\/index.php?rest_route=\/wp\/v2\/posts"}],"about":[{"href":"https:\/\/archive.sana.sy\/tr\/index.php?rest_route=\/wp\/v2\/types\/post"}],"author":[{"embeddable":true,"href":"https:\/\/archive.sana.sy\/tr\/index.php?rest_route=\/wp\/v2\/users\/1"}],"replies":[{"embeddable":true,"href":"https:\/\/archive.sana.sy\/tr\/index.php?rest_route=%2Fwp%2Fv2%2Fcomments&post=100225"}],"version-history":[{"count":0,"href":"https:\/\/archive.sana.sy\/tr\/index.php?rest_route=\/wp\/v2\/posts\/100225\/revisions"}],"wp:featuredmedia":[{"embeddable":true,"href":"https:\/\/archive.sana.sy\/tr\/index.php?rest_route=\/wp\/v2\/media\/100228"}],"wp:attachment":[{"href":"https:\/\/archive.sana.sy\/tr\/index.php?rest_route=%2Fwp%2Fv2%2Fmedia&parent=100225"}],"wp:term":[{"taxonomy":"category","embeddable":true,"href":"https:\/\/archive.sana.sy\/tr\/index.php?rest_route=%2Fwp%2Fv2%2Fcategories&post=100225"},{"taxonomy":"post_tag","embeddable":true,"href":"https:\/\/archive.sana.sy\/tr\/index.php?rest_route=%2Fwp%2Fv2%2Ftags&post=100225"}],"curies":[{"name":"wp","href":"https:\/\/api.w.org\/{rel}","templated":true}]}}