{"id":100454,"date":"2017-01-05T10:30:46","date_gmt":"2017-01-05T08:30:46","guid":{"rendered":"http:\/\/www.sana.sy\/tr\/?p=100454"},"modified":"2017-01-06T14:20:22","modified_gmt":"2017-01-06T12:20:22","slug":"baas-onculeri-agaclandirma-kampanyasi-baslatti","status":"publish","type":"post","link":"https:\/\/archive.sana.sy\/tr\/?p=100454","title":{"rendered":"Baas \u00d6nc\u00fcleri A\u011fa\u00e7land\u0131rma Kampanyas\u0131 Ba\u015flatt\u0131"},"content":{"rendered":"<p>LAZK\u0130YE \u2013 Baas \u00d6nc\u00fcleri \u00d6rg\u00fct\u00fc Lazkiye\u2019de d\u00fcn Abdurahman el Gafaki Okulunda A\u011fa\u00e7 Bayram\u0131 m\u00fcnasebetiyle d\u00fczenledi\u011fi t\u00f6rende bir Tabiat Sergisi a\u00e7\u0131p A\u011fa\u00e7land\u0131rma Kampanyas\u0131 ba\u015flatt\u0131.<\/p>\n<p>Baas \u00d6nc\u00fcleri \u00d6rg\u00fct\u00fc Lazkiye Ofisi Sekreteri Nebil Abdh; bug\u00fcn d\u00fczenlenen t\u00f6renin \u00e7ocuklara tabiat ve a\u011fa\u00e7 sevgisi a\u015f\u0131lama ama\u00e7l\u0131 oldu\u011funu dile getirdi.<\/p>\n<p>Lazkiye E\u011fitim M\u00fcd\u00fcr\u00fc Abd\u00fclhenan Subeyh; d\u00fczenlenen etkinli\u011fin \u00e7ocuklar\u0131n gelece\u011fin umudu oldu\u011funun bir yans\u0131mas\u0131n\u0131 te\u015fkil etti\u011fine dikkat \u00e7ekerek ya\u015fl\u0131s\u0131, genci ve \u00e7ocu\u011fuyla b\u00fct\u00fcn Suriyelilerin ortak \u00e7abas\u0131 sayesinde vatan topraklar\u0131n\u0131n her zaman ye\u015fil ve bereketli olaca\u011f\u0131n\u0131n alt\u0131n\u0131 \u00e7izdi.<\/p>\n","protected":false},"excerpt":{"rendered":"<p>LAZK\u0130YE \u2013 Baas \u00d6nc\u00fcleri \u00d6rg\u00fct\u00fc Lazkiye\u2019de d\u00fcn Abdurahman el Gafaki Okulunda A\u011fa\u00e7 Bayram\u0131 m\u00fcnasebetiyle d\u00fczenledi\u011fi t\u00f6rende bir Tabiat Sergisi a\u00e7\u0131p A\u011fa\u00e7land\u0131rma Kampanyas\u0131 ba\u015flatt\u0131. Baas \u00d6nc\u00fcleri \u00d6rg\u00fct\u00fc Lazkiye Ofisi Sekreteri Nebil Abdh; bug\u00fcn d\u00fczenlenen t\u00f6renin \u00e7ocuklara tabiat ve a\u011fa\u00e7 sevgisi a\u015f\u0131lama ama\u00e7l\u0131 oldu\u011funu dile getirdi. Lazkiye E\u011fitim M\u00fcd\u00fcr\u00fc Abd\u00fclhenan Subeyh; d\u00fczenlenen etkinli\u011fin \u00e7ocuklar\u0131n gelece\u011fin umudu oldu\u011funun &hellip;<\/p>\n","protected":false},"author":1,"featured_media":100455,"comment_status":"closed","ping_status":"closed","sticky":false,"template":"","format":"standard","meta":{"footnotes":""},"categories":[541,516,511,17988,538],"tags":[26469,26470,25414],"class_list":["post-100454","post","type-post","status-publish","format-standard","has-post-thumbnail","","category-haberler","category-haberler-kultur-ve-sanat","category-kultur-ve-sanat","category-son-haberler","category-yasam","tag-baas-onculeri","tag-cocuk-faaliyetleri","tag-suriyeli-cocuklar"],"_links":{"self":[{"href":"https:\/\/archive.sana.sy\/tr\/index.php?rest_route=\/wp\/v2\/posts\/100454","targetHints":{"allow":["GET"]}}],"collection":[{"href":"https:\/\/archive.sana.sy\/tr\/index.php?rest_route=\/wp\/v2\/posts"}],"about":[{"href":"https:\/\/archive.sana.sy\/tr\/index.php?rest_route=\/wp\/v2\/types\/post"}],"author":[{"embeddable":true,"href":"https:\/\/archive.sana.sy\/tr\/index.php?rest_route=\/wp\/v2\/users\/1"}],"replies":[{"embeddable":true,"href":"https:\/\/archive.sana.sy\/tr\/index.php?rest_route=%2Fwp%2Fv2%2Fcomments&post=100454"}],"version-history":[{"count":0,"href":"https:\/\/archive.sana.sy\/tr\/index.php?rest_route=\/wp\/v2\/posts\/100454\/revisions"}],"wp:featuredmedia":[{"embeddable":true,"href":"https:\/\/archive.sana.sy\/tr\/index.php?rest_route=\/wp\/v2\/media\/100455"}],"wp:attachment":[{"href":"https:\/\/archive.sana.sy\/tr\/index.php?rest_route=%2Fwp%2Fv2%2Fmedia&parent=100454"}],"wp:term":[{"taxonomy":"category","embeddable":true,"href":"https:\/\/archive.sana.sy\/tr\/index.php?rest_route=%2Fwp%2Fv2%2Fcategories&post=100454"},{"taxonomy":"post_tag","embeddable":true,"href":"https:\/\/archive.sana.sy\/tr\/index.php?rest_route=%2Fwp%2Fv2%2Ftags&post=100454"}],"curies":[{"name":"wp","href":"https:\/\/api.w.org\/{rel}","templated":true}]}}