{"id":100457,"date":"2017-01-05T08:30:17","date_gmt":"2017-01-05T06:30:17","guid":{"rendered":"http:\/\/www.sana.sy\/tr\/?p=100457"},"modified":"2017-01-06T14:20:29","modified_gmt":"2017-01-06T12:20:29","slug":"silahli-teror-gruplarinin-suriye-halkina-karsi-isledigi-suclar-belgelendi-video","status":"publish","type":"post","link":"https:\/\/archive.sana.sy\/tr\/?p=100457","title":{"rendered":"Silahl\u0131 Ter\u00f6r Gruplar\u0131n\u0131n Suriye Halk\u0131na Kar\u015f\u0131 \u0130\u015fledi\u011fi Su\u00e7lar Belgelendi (video)"},"content":{"rendered":"<p>\u015eAM \u2013 Adalet Bakan\u0131 Necm el Ahmet, silahl\u0131 ter\u00f6r gruplar\u0131n\u0131n Suriye halk\u0131na kar\u015f\u0131 i\u015fledikleri su\u00e7lar\u0131 alanlar\u0131nda uzman doktorlar ve yarg\u0131 mensuplar\u0131ndan olu\u015fan ba\u011f\u0131ms\u0131z bir komisyon taraf\u0131ndan belgelendi\u011fini ifade etti.<\/p>\n<p>Yunanistan \u0130lerici Avukatlar Sendikas\u0131 Y\u00f6netim Kurulu Ba\u015fkan\u0131 ve Uluslararas\u0131 \u0130lerici Avukatlar Komisyonu \u00dcyesi Yannis Rackheotis ba\u015fkanl\u0131\u011f\u0131ndaki Yunanistanl\u0131 Avukat Heyeti ile bir araya gelen Bakan el Ahmed, silahl\u0131 ter\u00f6r gruplar\u0131n\u0131n i\u015fledikleri su\u00e7larla ilgili belge say\u0131s\u0131n\u0131n on bini buldu\u011funu ve bu belgelerin Bakanl\u0131k ve Baro i\u015fbirli\u011fi ile \u00f6n\u00fcm\u00fczdeki s\u00fcre\u00e7te uluslararas\u0131 ve b\u00f6lge mahkemelerde kullan\u0131lmak \u00fczere haz\u0131rland\u0131\u011f\u0131n\u0131 belirtti.<\/p>\n<p>Suriye\u2019de ter\u00f6r sald\u0131r\u0131lar\u0131 ba\u015flamadan \u00f6nce sosyal, siyasi ve ekonomik alanlar ba\u015fta olmak \u00fczere b\u00fct\u00fcn alanlarda en g\u00fcvenli ve istikrarl\u0131 \u00fc\u00e7\u00fcnc\u00fc \u00fclke oldu\u011funu hat\u0131rlatan Ahmed; ayr\u0131ca ter\u00f6r sald\u0131r\u0131lar\u0131ndan \u00f6nce Suriye\u2019de b\u00fct\u00fcn vatanda\u015flara \u00fccretsiz e\u011fitim ve sa\u011fl\u0131k hizmetleri sunuldu\u011funun alt\u0131n\u0131 \u00e7izdi.<\/p>\n<p>Di\u011fer taraftan ziyareti s\u0131ras\u0131nda g\u00f6zlemledi\u011fi ger\u00e7ekleri Yunanistan kamuoyuna aktaraca\u011f\u0131n\u0131 ifade eden Heyet Ba\u015fkan\u0131 Rackheotis; Yunanistan halk\u0131n\u0131n ter\u00f6re kar\u015f\u0131 m\u00fccadelede Suriye halk\u0131 ve iktidar\u0131n\u0131n yan\u0131nda yer ald\u0131\u011f\u0131n\u0131 belirtti.<\/p>\n<p>https:\/\/www.youtube.com\/watch?v=F3jGj28wjpo<\/p>\n","protected":false},"excerpt":{"rendered":"<p>\u015eAM \u2013 Adalet Bakan\u0131 Necm el Ahmet, silahl\u0131 ter\u00f6r gruplar\u0131n\u0131n Suriye halk\u0131na kar\u015f\u0131 i\u015fledikleri su\u00e7lar\u0131 alanlar\u0131nda uzman doktorlar ve yarg\u0131 mensuplar\u0131ndan olu\u015fan ba\u011f\u0131ms\u0131z bir komisyon taraf\u0131ndan belgelendi\u011fini ifade etti. Yunanistan \u0130lerici Avukatlar Sendikas\u0131 Y\u00f6netim Kurulu Ba\u015fkan\u0131 ve Uluslararas\u0131 \u0130lerici Avukatlar Komisyonu \u00dcyesi Yannis Rackheotis ba\u015fkanl\u0131\u011f\u0131ndaki Yunanistanl\u0131 Avukat Heyeti ile bir araya gelen Bakan el Ahmed, &hellip;<\/p>\n","protected":false},"author":1,"featured_media":100458,"comment_status":"closed","ping_status":"closed","sticky":false,"template":"","format":"standard","meta":{"footnotes":""},"categories":[479,17988,478],"tags":[25231,26471,26473,26472],"class_list":["post-100457","post","type-post","status-publish","format-standard","has-post-thumbnail","","category-haberler-yerel","category-son-haberler","category-yerel","tag-adalet-bakani","tag-necm-el-ahmet","tag-yannis-rackheotis","tag-yunanistan-ilerici-avukatlar-sendikasi"],"_links":{"self":[{"href":"https:\/\/archive.sana.sy\/tr\/index.php?rest_route=\/wp\/v2\/posts\/100457","targetHints":{"allow":["GET"]}}],"collection":[{"href":"https:\/\/archive.sana.sy\/tr\/index.php?rest_route=\/wp\/v2\/posts"}],"about":[{"href":"https:\/\/archive.sana.sy\/tr\/index.php?rest_route=\/wp\/v2\/types\/post"}],"author":[{"embeddable":true,"href":"https:\/\/archive.sana.sy\/tr\/index.php?rest_route=\/wp\/v2\/users\/1"}],"replies":[{"embeddable":true,"href":"https:\/\/archive.sana.sy\/tr\/index.php?rest_route=%2Fwp%2Fv2%2Fcomments&post=100457"}],"version-history":[{"count":0,"href":"https:\/\/archive.sana.sy\/tr\/index.php?rest_route=\/wp\/v2\/posts\/100457\/revisions"}],"wp:featuredmedia":[{"embeddable":true,"href":"https:\/\/archive.sana.sy\/tr\/index.php?rest_route=\/wp\/v2\/media\/100458"}],"wp:attachment":[{"href":"https:\/\/archive.sana.sy\/tr\/index.php?rest_route=%2Fwp%2Fv2%2Fmedia&parent=100457"}],"wp:term":[{"taxonomy":"category","embeddable":true,"href":"https:\/\/archive.sana.sy\/tr\/index.php?rest_route=%2Fwp%2Fv2%2Fcategories&post=100457"},{"taxonomy":"post_tag","embeddable":true,"href":"https:\/\/archive.sana.sy\/tr\/index.php?rest_route=%2Fwp%2Fv2%2Ftags&post=100457"}],"curies":[{"name":"wp","href":"https:\/\/api.w.org\/{rel}","templated":true}]}}