{"id":100459,"date":"2017-01-05T13:35:50","date_gmt":"2017-01-05T11:35:50","guid":{"rendered":"http:\/\/www.sana.sy\/tr\/?p=100459"},"modified":"2017-01-05T13:35:50","modified_gmt":"2017-01-05T11:35:50","slug":"adalet-bakani-necm-el-ahmet-yunanistan-ilerici-barolar-birligi-yonetim-kurulu-baskani-ve-uluslararasi-ilerici-avukatlar-komisyonu-uyesi-yannis-rackheotis-baskanligindaki-yunanistanli-avukat-heyet","status":"publish","type":"post","link":"https:\/\/archive.sana.sy\/tr\/?p=100459","title":{"rendered":"Adalet Bakan\u0131 Necm el Ahmet\u00a0Yunanistan \u0130lerici Barolar Birli\u011fi Y\u00f6netim Kurulu Ba\u015fkan\u0131 ve Uluslararas\u0131 \u0130lerici Avukatlar Komisyonu \u00dcyesi Yannis Rackheotis ba\u015fkanl\u0131\u011f\u0131ndaki Yunanistanl\u0131 avukat heyetiyle g\u00f6r\u00fc\u015ft\u00fc"},"content":{"rendered":"<p>Adalet Bakan\u0131 Necm el Ahmet Yunanistan \u0130lerici Barolar Birli\u011fi Y\u00f6netim Kurulu Ba\u015fkan\u0131 ve Uluslararas\u0131 \u0130lerici Avukatlar Komisyonu \u00dcyesi Yannis Rackheotis ba\u015fkanl\u0131\u011f\u0131ndaki Yunanistanl\u0131 avukat heyetiyle g\u00f6r\u00fc\u015ft\u00fc<\/p>\n<p>https:\/\/www.youtube.com\/watch?v=F3jGj28wjpo<\/p>\n","protected":false},"excerpt":{"rendered":"<p>Adalet Bakan\u0131 Necm el Ahmet Yunanistan \u0130lerici Barolar Birli\u011fi Y\u00f6netim Kurulu Ba\u015fkan\u0131 ve Uluslararas\u0131 \u0130lerici Avukatlar Komisyonu \u00dcyesi Yannis Rackheotis ba\u015fkanl\u0131\u011f\u0131ndaki Yunanistanl\u0131 avukat heyetiyle g\u00f6r\u00fc\u015ft\u00fc https:\/\/www.youtube.com\/watch?v=F3jGj28wjpo<\/p>\n","protected":false},"author":1,"featured_media":100458,"comment_status":"closed","ping_status":"closed","sticky":false,"template":"","format":"standard","meta":{"footnotes":""},"categories":[18295],"tags":[],"class_list":["post-100459","post","type-post","status-publish","format-standard","has-post-thumbnail","","category-sana-video"],"_links":{"self":[{"href":"https:\/\/archive.sana.sy\/tr\/index.php?rest_route=\/wp\/v2\/posts\/100459","targetHints":{"allow":["GET"]}}],"collection":[{"href":"https:\/\/archive.sana.sy\/tr\/index.php?rest_route=\/wp\/v2\/posts"}],"about":[{"href":"https:\/\/archive.sana.sy\/tr\/index.php?rest_route=\/wp\/v2\/types\/post"}],"author":[{"embeddable":true,"href":"https:\/\/archive.sana.sy\/tr\/index.php?rest_route=\/wp\/v2\/users\/1"}],"replies":[{"embeddable":true,"href":"https:\/\/archive.sana.sy\/tr\/index.php?rest_route=%2Fwp%2Fv2%2Fcomments&post=100459"}],"version-history":[{"count":0,"href":"https:\/\/archive.sana.sy\/tr\/index.php?rest_route=\/wp\/v2\/posts\/100459\/revisions"}],"wp:featuredmedia":[{"embeddable":true,"href":"https:\/\/archive.sana.sy\/tr\/index.php?rest_route=\/wp\/v2\/media\/100458"}],"wp:attachment":[{"href":"https:\/\/archive.sana.sy\/tr\/index.php?rest_route=%2Fwp%2Fv2%2Fmedia&parent=100459"}],"wp:term":[{"taxonomy":"category","embeddable":true,"href":"https:\/\/archive.sana.sy\/tr\/index.php?rest_route=%2Fwp%2Fv2%2Fcategories&post=100459"},{"taxonomy":"post_tag","embeddable":true,"href":"https:\/\/archive.sana.sy\/tr\/index.php?rest_route=%2Fwp%2Fv2%2Ftags&post=100459"}],"curies":[{"name":"wp","href":"https:\/\/api.w.org\/{rel}","templated":true}]}}