{"id":100465,"date":"2017-01-05T13:54:20","date_gmt":"2017-01-05T11:54:20","guid":{"rendered":"http:\/\/www.sana.sy\/tr\/?p=100465"},"modified":"2017-01-05T13:54:20","modified_gmt":"2017-01-05T11:54:20","slug":"dera-kirsali-sanamayn-bolgesinde-kanun-kacagi-89-kisi-genel-af-karari-kapsaminda-serbest-birakildi","status":"publish","type":"post","link":"https:\/\/archive.sana.sy\/tr\/?p=100465","title":{"rendered":"Dera k\u0131rsal\u0131 Sanamayn B\u00f6lgesinde kanun ka\u00e7a\u011f\u0131 89 ki\u015fi genel af karar\u0131 kapsam\u0131nda serbest b\u0131rak\u0131ld\u0131"},"content":{"rendered":"<p>Dera k\u0131rsal\u0131 Sanamayn B\u00f6lgesinde kanun ka\u00e7a\u011f\u0131 89 ki\u015fi genel af karar\u0131 kapsam\u0131nda serbest b\u0131rak\u0131ld\u0131<\/p>\n<p>https:\/\/www.youtube.com\/watch?v=AU-INUwhgxY<\/p>\n","protected":false},"excerpt":{"rendered":"<p>Dera k\u0131rsal\u0131 Sanamayn B\u00f6lgesinde kanun ka\u00e7a\u011f\u0131 89 ki\u015fi genel af karar\u0131 kapsam\u0131nda serbest b\u0131rak\u0131ld\u0131 https:\/\/www.youtube.com\/watch?v=AU-INUwhgxY<\/p>\n","protected":false},"author":1,"featured_media":100466,"comment_status":"closed","ping_status":"closed","sticky":false,"template":"","format":"standard","meta":{"footnotes":""},"categories":[18295],"tags":[11020,18156,18155,26475],"class_list":["post-100465","post","type-post","status-publish","format-standard","has-post-thumbnail","","category-sana-video","tag-genel-af","tag-kanun-kacaklari","tag-serbest-birakildilar","tag-silahlilar-teslim-oldu"],"_links":{"self":[{"href":"https:\/\/archive.sana.sy\/tr\/index.php?rest_route=\/wp\/v2\/posts\/100465","targetHints":{"allow":["GET"]}}],"collection":[{"href":"https:\/\/archive.sana.sy\/tr\/index.php?rest_route=\/wp\/v2\/posts"}],"about":[{"href":"https:\/\/archive.sana.sy\/tr\/index.php?rest_route=\/wp\/v2\/types\/post"}],"author":[{"embeddable":true,"href":"https:\/\/archive.sana.sy\/tr\/index.php?rest_route=\/wp\/v2\/users\/1"}],"replies":[{"embeddable":true,"href":"https:\/\/archive.sana.sy\/tr\/index.php?rest_route=%2Fwp%2Fv2%2Fcomments&post=100465"}],"version-history":[{"count":0,"href":"https:\/\/archive.sana.sy\/tr\/index.php?rest_route=\/wp\/v2\/posts\/100465\/revisions"}],"wp:featuredmedia":[{"embeddable":true,"href":"https:\/\/archive.sana.sy\/tr\/index.php?rest_route=\/wp\/v2\/media\/100466"}],"wp:attachment":[{"href":"https:\/\/archive.sana.sy\/tr\/index.php?rest_route=%2Fwp%2Fv2%2Fmedia&parent=100465"}],"wp:term":[{"taxonomy":"category","embeddable":true,"href":"https:\/\/archive.sana.sy\/tr\/index.php?rest_route=%2Fwp%2Fv2%2Fcategories&post=100465"},{"taxonomy":"post_tag","embeddable":true,"href":"https:\/\/archive.sana.sy\/tr\/index.php?rest_route=%2Fwp%2Fv2%2Ftags&post=100465"}],"curies":[{"name":"wp","href":"https:\/\/api.w.org\/{rel}","templated":true}]}}