{"id":100469,"date":"2017-01-05T17:40:26","date_gmt":"2017-01-05T15:40:26","guid":{"rendered":"http:\/\/www.sana.sy\/tr\/?p=100469"},"modified":"2017-01-06T18:19:38","modified_gmt":"2017-01-06T16:19:38","slug":"el-esad-2-kanunnameyi-onayladi","status":"publish","type":"post","link":"https:\/\/archive.sana.sy\/tr\/?p=100469","title":{"rendered":"El Esad 2 Kanunnameyi Onaylad\u0131"},"content":{"rendered":"<p>\u015eAM \u2013 Cumhurba\u015fkan\u0131 Be\u015f\u015far el Esad bug\u00fcn, daha \u00f6nce ald\u0131\u011f\u0131 yara sonucunda ya\u015fam\u0131n\u0131 yitiren askerlerin \u015fehit say\u0131lmalar\u0131n\u0131 \u00f6ng\u00f6ren 2017\/01 kanunnamenin yan\u0131 s\u0131ra, askerlik hizmetine ili\u015fkin 2007\/30 say\u0131l\u0131 yasama kanunun 48. ve 49. Maddelerinin d\u00fczeltilmesini \u00f6ng\u00f6ren 2017\/03 say\u0131l\u0131 kanunnameyi onaylad\u0131.<\/p>\n<p>Halk Meclisinin tart\u0131\u015f\u0131p onaylamas\u0131 ard\u0131ndan cumhurba\u015fkanl\u0131\u011f\u0131na sevk etti\u011fi 2017\/01 say\u0131l\u0131 kanunnamede; askerlik hizmeti s\u0131ras\u0131nda yaralanan ve askerlik hizmetinin sona ermesi ard\u0131ndan s\u00f6z konusu yara nedeniyle ya\u015fam\u0131n\u0131 yitiren askerlerin \u015fehit say\u0131lmalar\u0131n\u0131 \u00f6ng\u00f6r\u00fcyor. Suriye&#8217;de olaylar\u0131n ba\u015flad\u0131\u011f\u0131 2011 y\u0131l\u0131 Mart ay\u0131ndan itibaren meydana gelen durumlar\u0131 kapsayacak kanunnamede, askerin sava\u015f ya da askeri operasyonlar s\u0131ras\u0131nda veya ter\u00f6ristler ya da d\u00fc\u015fman g\u00fc\u00e7ler taraf\u0131ndan yaralanm\u0131\u015f olmas\u0131n\u0131 gerektiriyor.<\/p>\n<p>Yine Halk Meclisinin tart\u0131\u015f\u0131p karara ba\u011flamas\u0131 ard\u0131ndan cumhurba\u015fkan\u0131 onay\u0131 i\u00e7in sevk etti\u011fi 2017\/03 say\u0131l\u0131 kanunname ise; 17 ya\u015f\u0131n\u0131 tamamlayan veya 42 ya\u015f\u0131n\u0131 ge\u00e7meyen Suriyelilerin askerlik \u015fubesinden izin almalar\u0131 ard\u0131ndan yurtd\u0131\u015f\u0131na \u00e7\u0131kmalar\u0131na izin veriyor. Kanunnamede askerlik ya\u015f\u0131nda olan s\u00f6z konusu vatanda\u015flar\u0131n yurtd\u0131\u015f\u0131 \u00e7\u0131k\u0131\u015f izni almalar\u0131 i\u00e7in 50 bin Suriye liras\u0131 (yakla\u015f\u0131k 100 dolar) kefalet \u00f6demelerini de \u00f6ng\u00f6r\u00fcyor. Vatanda\u015flar\u0131n geri d\u00f6nmeleri ya da \u00e7\u0131k\u0131\u015f izinlerini iptal etmeleri halinde s\u00f6z konusu kefalet geri \u00f6denir.<\/p>\n<p>Kanunnamede devlet memurlar\u0131, yurtd\u0131\u015f\u0131nda \u00f6\u011frenim g\u00f6renler ya da resmi g\u00f6revle \u00e7\u0131kanlar\u0131n yan\u0131 s\u0131ra temelde askerlik hizmetinden muaf olanlar kefaletten muaf tutuluyor. Spor faaliyetlerine kat\u0131lmak \u00fczere resmi olarak yurtd\u0131\u015f\u0131na g\u00f6nderilen sporcular, g\u00f6revleri ba\u015f\u0131nda olan askerler ve g\u00fcvenlik g\u00fc\u00e7leri de kefaletten muaf tutuluyor.<\/p>\n","protected":false},"excerpt":{"rendered":"<p>\u015eAM \u2013 Cumhurba\u015fkan\u0131 Be\u015f\u015far el Esad bug\u00fcn, daha \u00f6nce ald\u0131\u011f\u0131 yara sonucunda ya\u015fam\u0131n\u0131 yitiren askerlerin \u015fehit say\u0131lmalar\u0131n\u0131 \u00f6ng\u00f6ren 2017\/01 kanunnamenin yan\u0131 s\u0131ra, askerlik hizmetine ili\u015fkin 2007\/30 say\u0131l\u0131 yasama kanunun 48. ve 49. Maddelerinin d\u00fczeltilmesini \u00f6ng\u00f6ren 2017\/03 say\u0131l\u0131 kanunnameyi onaylad\u0131. Halk Meclisinin tart\u0131\u015f\u0131p onaylamas\u0131 ard\u0131ndan cumhurba\u015fkanl\u0131\u011f\u0131na sevk etti\u011fi 2017\/01 say\u0131l\u0131 kanunnamede; askerlik hizmeti s\u0131ras\u0131nda yaralanan ve &hellip;<\/p>\n","protected":false},"author":1,"featured_media":100475,"comment_status":"closed","ping_status":"closed","sticky":false,"template":"","format":"standard","meta":{"footnotes":""},"categories":[479,605,17988,612,599,478],"tags":[26478,17256,8767,18423,20363,26479],"class_list":["post-100469","post","type-post","status-publish","format-standard","has-post-thumbnail","","category-haberler-yerel","category-sayin-cumhurbaskani","category-son-haberler","category-yasama-kararnameler","category-yasama-ve-kanunlar","category-yerel","tag-askerlik-hizmeti","tag-bessar-el-esad","tag-cumhurbaskani","tag-kanunname","tag-yasama-kanunu","tag-yurtdisi-cikis-izni"],"_links":{"self":[{"href":"https:\/\/archive.sana.sy\/tr\/index.php?rest_route=\/wp\/v2\/posts\/100469","targetHints":{"allow":["GET"]}}],"collection":[{"href":"https:\/\/archive.sana.sy\/tr\/index.php?rest_route=\/wp\/v2\/posts"}],"about":[{"href":"https:\/\/archive.sana.sy\/tr\/index.php?rest_route=\/wp\/v2\/types\/post"}],"author":[{"embeddable":true,"href":"https:\/\/archive.sana.sy\/tr\/index.php?rest_route=\/wp\/v2\/users\/1"}],"replies":[{"embeddable":true,"href":"https:\/\/archive.sana.sy\/tr\/index.php?rest_route=%2Fwp%2Fv2%2Fcomments&post=100469"}],"version-history":[{"count":0,"href":"https:\/\/archive.sana.sy\/tr\/index.php?rest_route=\/wp\/v2\/posts\/100469\/revisions"}],"wp:featuredmedia":[{"embeddable":true,"href":"https:\/\/archive.sana.sy\/tr\/index.php?rest_route=\/wp\/v2\/media\/100475"}],"wp:attachment":[{"href":"https:\/\/archive.sana.sy\/tr\/index.php?rest_route=%2Fwp%2Fv2%2Fmedia&parent=100469"}],"wp:term":[{"taxonomy":"category","embeddable":true,"href":"https:\/\/archive.sana.sy\/tr\/index.php?rest_route=%2Fwp%2Fv2%2Fcategories&post=100469"},{"taxonomy":"post_tag","embeddable":true,"href":"https:\/\/archive.sana.sy\/tr\/index.php?rest_route=%2Fwp%2Fv2%2Ftags&post=100469"}],"curies":[{"name":"wp","href":"https:\/\/api.w.org\/{rel}","templated":true}]}}