{"id":100474,"date":"2017-01-05T14:49:41","date_gmt":"2017-01-05T12:49:41","guid":{"rendered":"http:\/\/www.sana.sy\/tr\/?p=100474"},"modified":"2017-01-06T18:19:30","modified_gmt":"2017-01-06T16:19:30","slug":"radikal-teroristlerin-karargahlari-ve-zirhli-araclari-imha-edildi","status":"publish","type":"post","link":"https:\/\/archive.sana.sy\/tr\/?p=100474","title":{"rendered":"Radikal Ter\u00f6ristlerin Karargahlar\u0131 ve Z\u0131rhl\u0131 Ara\u00e7lar\u0131 \u0130mha Edildi"},"content":{"rendered":"<p>\u0130LLER \u2013 Ordu birliklerimiz radikal ter\u00f6ristlerin komuta karargahlar\u0131, siperleri ve z\u0131rhl\u0131 ara\u00e7lar\u0131n\u0131 imha etmeye devam ederek, onlarcas\u0131n\u0131 etkisiz hale getirdi.<\/p>\n<p><span style=\"color: #0000ff\">DEYREZZOR:<\/span><\/p>\n<p>Askeri kaynak ordu birliklerimizin Deyrezzor\u2019da askeri havaliman\u0131n\u0131n do\u011fu kenarlar\u0131na ilaveten Deyrezzor Kentinin Cbeyliye, Huveyka, Sanayi ve Rasafa semtleri eksenlerinin yan\u0131 s\u0131ra il k\u0131rsal\u0131n\u0131n B\u011fayliye ve Hseyniye \u2013 Cneyne eksenlerinde radikal ter\u00f6r \u00f6rg\u00fct\u00fc I\u015e\u0130D ile \u015fiddetli \u00e7at\u0131\u015fmalara girdiklerini aktard\u0131.<\/p>\n<p>Kaynak radikal ter\u00f6r \u00f6rg\u00fct\u00fcne ait komuta karargahlar\u0131, siperler ve z\u0131rhl\u0131 ara\u00e7lar\u0131n imha edildikleri \u00e7at\u0131\u015fmalarda aralar\u0131nda tehlikeli isimlerin bulundu\u011fu \u00e7ok say\u0131da ter\u00f6ristin \u00f6ld\u00fcr\u00fcld\u00fc\u011f\u00fcn\u00fc belirtti.<\/p>\n<p><span style=\"color: #0000ff\">\u0130DL\u0130B:<\/span><\/p>\n<p>Di\u011fer yandan askeri kaynak ordu birliklerimizin \u0130dlib Kentinin yakla\u015f\u0131k 70 km g\u00fcneyinde yer alan Han \u015eeyhun Nahiyesinde I\u015e\u0130D\u2019e tabili\u011fi ile bilinen \u2018Cund el Aksa\u2019 (Aksa Askerleri) ad\u0131l\u0131 radikal ter\u00f6r \u00e7etelerinin ter\u00f6rist ve cephane ta\u015f\u0131yan bir ara\u00e7 konvoyunu imha ettiklerini belirtti.<\/p>\n<p>Kaynak nitelikli operasyonda radikal \u00e7etelere ait 6 arac\u0131n ta\u015f\u0131d\u0131klar\u0131 ter\u00f6rist ve cephaneyle birlikte tamamen imha edildiklerini aktard\u0131.<\/p>\n<p>\u0130dlib ve k\u0131rsal\u0131nda geneli Kaide \u00d6rg\u00fct\u00fcn\u00fcn Suriye kolu Nusra Cephesinin yan\u0131 s\u0131ra I\u015e\u0130D\u2019e biat etti\u011fini ilan eden \u2018Cund el Aksa\u2019 adl\u0131 radikal ter\u00f6r \u00f6rg\u00fctlerin ba\u015flar\u0131nda yer ald\u0131\u011f\u0131 \u2018Cey\u015ful Fetih (Fetih Ordusu) ad\u0131 alt\u0131nda faaliyet g\u00f6sterip T\u00fcrkiye ve Suudi Arabistan rejimleri taraf\u0131ndan desteklenen ter\u00f6r \u00e7eteleri bulunuyor.<\/p>\n","protected":false},"excerpt":{"rendered":"<p>\u0130LLER \u2013 Ordu birliklerimiz radikal ter\u00f6ristlerin komuta karargahlar\u0131, siperleri ve z\u0131rhl\u0131 ara\u00e7lar\u0131n\u0131 imha etmeye devam ederek, onlarcas\u0131n\u0131 etkisiz hale getirdi. DEYREZZOR: Askeri kaynak ordu birliklerimizin Deyrezzor\u2019da askeri havaliman\u0131n\u0131n do\u011fu kenarlar\u0131na ilaveten Deyrezzor Kentinin Cbeyliye, Huveyka, Sanayi ve Rasafa semtleri eksenlerinin yan\u0131 s\u0131ra il k\u0131rsal\u0131n\u0131n B\u011fayliye ve Hseyniye \u2013 Cneyne eksenlerinde radikal ter\u00f6r \u00f6rg\u00fct\u00fc I\u015e\u0130D ile &hellip;<\/p>\n","protected":false},"author":1,"featured_media":100478,"comment_status":"closed","ping_status":"closed","sticky":false,"template":"","format":"standard","meta":{"footnotes":""},"categories":[575,17988],"tags":[3464,18365,19143,18237,18576,18577,24003,2318,18347,19209,11549,26480,19034,4076],"class_list":["post-100474","post","type-post","status-publish","format-standard","has-post-thumbnail","","category-olaylar-ve-gercekler","category-son-haberler","tag-nusra-cephesi","tag-ahrar-el-sam","tag-askeri-operasyonlar","tag-cihatcilar","tag-daes","tag-deas","tag-fetih-el-sam","tag-isid","tag-oso","tag-radikaller","tag-suriye-ordusu","tag-suriyede-sopn-durum","tag-suriyeli-muhalifler","tag-terorle-mucadele"],"_links":{"self":[{"href":"https:\/\/archive.sana.sy\/tr\/index.php?rest_route=\/wp\/v2\/posts\/100474","targetHints":{"allow":["GET"]}}],"collection":[{"href":"https:\/\/archive.sana.sy\/tr\/index.php?rest_route=\/wp\/v2\/posts"}],"about":[{"href":"https:\/\/archive.sana.sy\/tr\/index.php?rest_route=\/wp\/v2\/types\/post"}],"author":[{"embeddable":true,"href":"https:\/\/archive.sana.sy\/tr\/index.php?rest_route=\/wp\/v2\/users\/1"}],"replies":[{"embeddable":true,"href":"https:\/\/archive.sana.sy\/tr\/index.php?rest_route=%2Fwp%2Fv2%2Fcomments&post=100474"}],"version-history":[{"count":0,"href":"https:\/\/archive.sana.sy\/tr\/index.php?rest_route=\/wp\/v2\/posts\/100474\/revisions"}],"wp:featuredmedia":[{"embeddable":true,"href":"https:\/\/archive.sana.sy\/tr\/index.php?rest_route=\/wp\/v2\/media\/100478"}],"wp:attachment":[{"href":"https:\/\/archive.sana.sy\/tr\/index.php?rest_route=%2Fwp%2Fv2%2Fmedia&parent=100474"}],"wp:term":[{"taxonomy":"category","embeddable":true,"href":"https:\/\/archive.sana.sy\/tr\/index.php?rest_route=%2Fwp%2Fv2%2Fcategories&post=100474"},{"taxonomy":"post_tag","embeddable":true,"href":"https:\/\/archive.sana.sy\/tr\/index.php?rest_route=%2Fwp%2Fv2%2Ftags&post=100474"}],"curies":[{"name":"wp","href":"https:\/\/api.w.org\/{rel}","templated":true}]}}