{"id":100477,"date":"2017-01-05T11:55:09","date_gmt":"2017-01-05T09:55:09","guid":{"rendered":"http:\/\/www.sana.sy\/tr\/?p=100477"},"modified":"2017-01-05T14:54:23","modified_gmt":"2017-01-05T12:54:23","slug":"lazkiye-il-emniyet-muduru-yasir-srayti-sivil-insanlari-hedef-alan-hain-teror-eyleminde-bircok-kisinin-sehit-ve-yarali-dustuklerini-belirtti","status":"publish","type":"post","link":"https:\/\/archive.sana.sy\/tr\/?p=100477","title":{"rendered":"Lazkiye \u0130l Emniyet M\u00fcd\u00fcr\u00fc Yasir \u015erayti sivil insanlar\u0131 hedef alan hain ter\u00f6r eyleminde bir\u00e7ok ki\u015finin \u015fehit ve yaral\u0131 d\u00fc\u015ft\u00fcklerini belirtti"},"content":{"rendered":"<p>Lazkiye \u0130l Emniyet M\u00fcd\u00fcr\u00fc Yasir \u015erayti sivil insanlar\u0131 hedef alan hain ter\u00f6r eyleminde bir\u00e7ok ki\u015finin \u015fehit ve yaral\u0131 d\u00fc\u015ft\u00fcklerini belirtti<\/p>\n","protected":false},"excerpt":{"rendered":"<p>Lazkiye \u0130l Emniyet M\u00fcd\u00fcr\u00fc Yasir \u015erayti sivil insanlar\u0131 hedef alan hain ter\u00f6r eyleminde bir\u00e7ok ki\u015finin \u015fehit ve yaral\u0131 d\u00fc\u015ft\u00fcklerini belirtti<\/p>\n","protected":false},"author":1,"featured_media":0,"comment_status":"closed","ping_status":"closed","sticky":false,"template":"","format":"standard","meta":{"footnotes":""},"categories":[17991],"tags":[],"class_list":["post-100477","post","type-post","status-publish","format-standard","","category-son-dakika"],"_links":{"self":[{"href":"https:\/\/archive.sana.sy\/tr\/index.php?rest_route=\/wp\/v2\/posts\/100477","targetHints":{"allow":["GET"]}}],"collection":[{"href":"https:\/\/archive.sana.sy\/tr\/index.php?rest_route=\/wp\/v2\/posts"}],"about":[{"href":"https:\/\/archive.sana.sy\/tr\/index.php?rest_route=\/wp\/v2\/types\/post"}],"author":[{"embeddable":true,"href":"https:\/\/archive.sana.sy\/tr\/index.php?rest_route=\/wp\/v2\/users\/1"}],"replies":[{"embeddable":true,"href":"https:\/\/archive.sana.sy\/tr\/index.php?rest_route=%2Fwp%2Fv2%2Fcomments&post=100477"}],"version-history":[{"count":0,"href":"https:\/\/archive.sana.sy\/tr\/index.php?rest_route=\/wp\/v2\/posts\/100477\/revisions"}],"wp:attachment":[{"href":"https:\/\/archive.sana.sy\/tr\/index.php?rest_route=%2Fwp%2Fv2%2Fmedia&parent=100477"}],"wp:term":[{"taxonomy":"category","embeddable":true,"href":"https:\/\/archive.sana.sy\/tr\/index.php?rest_route=%2Fwp%2Fv2%2Fcategories&post=100477"},{"taxonomy":"post_tag","embeddable":true,"href":"https:\/\/archive.sana.sy\/tr\/index.php?rest_route=%2Fwp%2Fv2%2Ftags&post=100477"}],"curies":[{"name":"wp","href":"https:\/\/api.w.org\/{rel}","templated":true}]}}