{"id":100490,"date":"2017-01-05T17:50:38","date_gmt":"2017-01-05T15:50:38","guid":{"rendered":"http:\/\/www.sana.sy\/tr\/?p=100490"},"modified":"2017-01-06T18:19:46","modified_gmt":"2017-01-06T16:19:46","slug":"savasin-sonuclari-bolge-ve-tum-dunya-halklarini-etkileyecek","status":"publish","type":"post","link":"https:\/\/archive.sana.sy\/tr\/?p=100490","title":{"rendered":"Sava\u015f\u0131n Sonu\u00e7lar\u0131 B\u00f6lge ve T\u00fcm D\u00fcnya Halklar\u0131n\u0131 Etkileyecek"},"content":{"rendered":"<p>\u015eAM \u2013 Cumhurba\u015fkan\u0131 Be\u015f\u015far el Esad bug\u00fcn, Irak Ulusal G\u00fcvenlik M\u00fcste\u015far\u0131 ve Irak Ba\u015fbakan\u0131 Haydar Abadi&#8217;nin delegesi Falih Fayyad\u2019\u0131 kabul etti.<\/p>\n<p>M\u00fcste\u015far Fayyad Irak Ba\u015fbakan\u0131 Abbadi\u2019den el Esad\u2019a iletti\u011fi s\u00f6zl\u00fc mesajda; adlar\u0131nda farkl\u0131 \u00f6zlerinde ayn\u0131 olan ter\u00f6r \u00f6rg\u00fctlere kar\u015f\u0131 sava\u015fta Suriye ve Irak aras\u0131ndaki i\u015fbirli\u011fi ve koordinasyonun \u00f6nemine vurgu yapt\u0131. Fayyad mesaj\u0131nda ayr\u0131ca bu i\u015fbirli\u011fi ve koordinasyonun \u00f6n\u00fcm\u00fczdeki s\u00fcre\u00e7 i\u00e7inde daha \u00e7ok peki\u015ftirilmesi gere\u011finin de alt\u0131n\u0131 \u00e7izdi.<\/p>\n<p>Suriye ve Irak\u2019\u0131n ter\u00f6re kar\u015f\u0131 son olarak sa\u011flad\u0131klar\u0131 ba\u015far\u0131lar\u0131n \u00f6nemi ve yans\u0131malar\u0131na dikkat \u00e7ekilen g\u00f6r\u00fc\u015fmede; Suriye ve Irak halklar\u0131n\u0131n ortak d\u00fc\u015fmanlar\u0131 olan ter\u00f6r ve tekfircilik ideolojisine kar\u015f\u0131 bu ba\u015far\u0131lar\u0131n s\u00fcrd\u00fcr\u00fclmesi gere\u011fi kaydedildi.<\/p>\n<p>Cumhurba\u015fkan\u0131 el Esad; b\u00f6lge ve halklar\u0131n\u0131 tehdit eden ter\u00f6re kar\u015f\u0131 sava\u015fta t\u00fcm devletlerin ciddi \u00e7abalar\u0131n\u0131 birle\u015ftirip yo\u011funla\u015ft\u0131rmalar\u0131 gere\u011finin alt\u0131n\u0131 \u00e7izerken, bu sava\u015f\u0131n sonu\u00e7 itibariyle sadece b\u00f6lge halklar\u0131n\u0131n de\u011fil, t\u00fcm d\u00fcnya halklar\u0131n\u0131n gelece\u011fini etkileyece\u011fine vurgu yapt\u0131.<\/p>\n<p>Ter\u00f6r\u00fcn s\u0131n\u0131r ya da dostu olmad\u0131\u011f\u0131na bir kez daha dikkat \u00e7eken el Esad; son olarak b\u00f6lge devletleri ve d\u00fcnyan\u0131n muhtelif devletlerinde meydana gelen ter\u00f6r sald\u0131r\u0131lar\u0131n\u0131n bunu kan\u0131tlad\u0131\u011f\u0131n\u0131 kaydetti.<\/p>\n","protected":false},"excerpt":{"rendered":"<p>\u015eAM \u2013 Cumhurba\u015fkan\u0131 Be\u015f\u015far el Esad bug\u00fcn, Irak Ulusal G\u00fcvenlik M\u00fcste\u015far\u0131 ve Irak Ba\u015fbakan\u0131 Haydar Abadi&#8217;nin delegesi Falih Fayyad\u2019\u0131 kabul etti. M\u00fcste\u015far Fayyad Irak Ba\u015fbakan\u0131 Abbadi\u2019den el Esad\u2019a iletti\u011fi s\u00f6zl\u00fc mesajda; adlar\u0131nda farkl\u0131 \u00f6zlerinde ayn\u0131 olan ter\u00f6r \u00f6rg\u00fctlere kar\u015f\u0131 sava\u015fta Suriye ve Irak aras\u0131ndaki i\u015fbirli\u011fi ve koordinasyonun \u00f6nemine vurgu yapt\u0131. Fayyad mesaj\u0131nda ayr\u0131ca bu i\u015fbirli\u011fi &hellip;<\/p>\n","protected":false},"author":1,"featured_media":100491,"comment_status":"closed","ping_status":"closed","sticky":false,"template":"","format":"standard","meta":{"footnotes":""},"categories":[608,479,605,17988,478],"tags":[17256,8767,26484,26456,26458,26485,26482,26481,24119,26284,26483],"class_list":["post-100490","post","type-post","status-publish","format-standard","has-post-thumbnail","","category-etkinlikler","category-haberler-yerel","category-sayin-cumhurbaskani","category-son-haberler","category-yerel","tag-bessar-el-esad","tag-cumhurbaskani","tag-falih-fayyad","tag-haydar-abbadi","tag-irak-basbakani","tag-irak-ulusal-guvenlik-mustesari","tag-ortadogu-halklari","tag-savasin-sonuclari-bolge-ve-tum-dunya-halklarini-etkileyecek","tag-suriye-lideri","tag-suriye-ve-irak","tag-teror-savasi"],"_links":{"self":[{"href":"https:\/\/archive.sana.sy\/tr\/index.php?rest_route=\/wp\/v2\/posts\/100490","targetHints":{"allow":["GET"]}}],"collection":[{"href":"https:\/\/archive.sana.sy\/tr\/index.php?rest_route=\/wp\/v2\/posts"}],"about":[{"href":"https:\/\/archive.sana.sy\/tr\/index.php?rest_route=\/wp\/v2\/types\/post"}],"author":[{"embeddable":true,"href":"https:\/\/archive.sana.sy\/tr\/index.php?rest_route=\/wp\/v2\/users\/1"}],"replies":[{"embeddable":true,"href":"https:\/\/archive.sana.sy\/tr\/index.php?rest_route=%2Fwp%2Fv2%2Fcomments&post=100490"}],"version-history":[{"count":0,"href":"https:\/\/archive.sana.sy\/tr\/index.php?rest_route=\/wp\/v2\/posts\/100490\/revisions"}],"wp:featuredmedia":[{"embeddable":true,"href":"https:\/\/archive.sana.sy\/tr\/index.php?rest_route=\/wp\/v2\/media\/100491"}],"wp:attachment":[{"href":"https:\/\/archive.sana.sy\/tr\/index.php?rest_route=%2Fwp%2Fv2%2Fmedia&parent=100490"}],"wp:term":[{"taxonomy":"category","embeddable":true,"href":"https:\/\/archive.sana.sy\/tr\/index.php?rest_route=%2Fwp%2Fv2%2Fcategories&post=100490"},{"taxonomy":"post_tag","embeddable":true,"href":"https:\/\/archive.sana.sy\/tr\/index.php?rest_route=%2Fwp%2Fv2%2Ftags&post=100490"}],"curies":[{"name":"wp","href":"https:\/\/api.w.org\/{rel}","templated":true}]}}