{"id":100500,"date":"2017-01-05T17:45:04","date_gmt":"2017-01-05T15:45:04","guid":{"rendered":"http:\/\/www.sana.sy\/tr\/?p=100500"},"modified":"2017-01-06T14:19:32","modified_gmt":"2017-01-06T12:19:32","slug":"tum-yabanci-gucler-derhal-suriyeden-cekilmelidir","status":"publish","type":"post","link":"https:\/\/archive.sana.sy\/tr\/?p=100500","title":{"rendered":"T\u00fcm Yabanc\u0131 G\u00fc\u00e7ler Derhal Suriye&#8217;den \u00c7ekilmelidir (video)\u00a0"},"content":{"rendered":"<p>\u015eAM \u2013 \u0130ran \u015eura Meclisinde D\u0131\u015f Politika ve Milli G\u00fcvenlik Komitesi Ba\u015fkan\u0131 Alauddin Brojerdi; \u0130ran\u2019\u0131n, ter\u00f6re kar\u015f\u0131 sava\u015fta Suriye ve direni\u015f eksenine destekleyici tutumunun bir kez daha alt\u0131n\u0131 \u00e7izerken, Suriye&#8217;de bulunan t\u00fcm ter\u00f6ristlerin Suriye&#8217;yi terk etmeleri gere\u011fini vurgulad\u0131.<\/p>\n<p>Ba\u015fkent \u015eam\u2019da bulundu\u011fu temaslar ard\u0131ndan bas\u0131n toplant\u0131s\u0131 d\u00fczenleyen Brojerdi; Suriye&#8217;yi ziyaret etmekte olan \u0130ran \u015eura Meclisi heyetinin bir kez daha \u0130ran\u2019\u0131n Suriye&#8217;ye deste\u011fini vurgulamak istedi\u011fini kaydetti. Brojerdi; Suriye ve halk\u0131n\u0131n y\u0131llard\u0131r d\u00fc\u015fmanlar\u0131 taraf\u0131ndan zalim bir sava\u015fa maruz kald\u0131\u011f\u0131na dikkat \u00e7ekerken, Suriye&#8217;nin siyonist planlara kar\u015f\u0131 m\u00fccadele cephesinin \u00f6n hatt\u0131n\u0131 te\u015fkil etti\u011fini s\u00f6yledi.<\/p>\n<p>\u0130ran\u2019\u0131n Suriye&#8217;nin egemenli\u011fini ve toprak b\u00fct\u00fcnl\u00fc\u011f\u00fcn\u00fc tam ve g\u00fc\u00e7l\u00fc bir \u015fekilde destekledi\u011fini vurgulayan Brojerdi; bu kapsamda Suriye&#8217;de me\u015fru h\u00fck\u00fcmetin onay ve izni olmaks\u0131z\u0131n Suriye topraklar\u0131na herhangi bir yabanc\u0131 g\u00fcc\u00fcn girmesini \u015fiddetle k\u0131nad\u0131\u011f\u0131n\u0131n alt\u0131n\u0131 \u00e7izdi. Brojerdi; Suriye\u2019de me\u015fru h\u00fck\u00fcmet ile koordinasyon veya izni ve onay\u0131 olmaks\u0131z\u0131n Suriye&#8217;ye giren istisnas\u0131z t\u00fcm g\u00fc\u00e7lerin Suriye topraklar\u0131ndan derhal \u00e7ekilmeleri gere\u011fine vurgu yapt\u0131.<img loading=\"lazy\" decoding=\"async\" class=\"alignright size-medium wp-image-100568\" src=\"http:\/\/www.sana.sy\/tr\/wp-content\/uploads\/2017\/01\/brucerdi-300x200.jpg\" alt=\"\" width=\"300\" height=\"200\" srcset=\"https:\/\/archive.sana.sy\/tr\/wp-content\/uploads\/2017\/01\/brucerdi-300x200.jpg 300w, https:\/\/archive.sana.sy\/tr\/wp-content\/uploads\/2017\/01\/brucerdi-150x100.jpg 150w, https:\/\/archive.sana.sy\/tr\/wp-content\/uploads\/2017\/01\/brucerdi-768x511.jpg 768w, https:\/\/archive.sana.sy\/tr\/wp-content\/uploads\/2017\/01\/brucerdi-1024x681.jpg 1024w\" sizes=\"auto, (max-width: 300px) 100vw, 300px\" \/><\/p>\n<p>Brojerdi; ABD ve m\u00fcttefikleri olan rejimlerin Siyonist \u0130srail ile koordinasyon i\u00e7inde d\u00fcnyan\u0131n muhtelif devletlerinden on binlerce ter\u00f6risti toplay\u0131p gerekli deste\u011fi temin etmeleri ard\u0131ndan Suriye ve halk\u0131na kar\u015f\u0131 sald\u0131klar\u0131n\u0131 belirtti. Bundan amac\u0131n b\u00f6lgede siyonist planlara kar\u015f\u0131 m\u00fccadele veren direni\u015f eksenini sabote etmek oldu\u011funu ifade eden Brojerdi; bunun da tamamen \u0130srail&#8217;in \u00e7\u0131karlar\u0131na hizmet etti\u011fine dikkat \u00e7ekti. Brojerdi; ter\u00f6r\u00fcn edat olarak kullan\u0131ld\u0131\u011f\u0131 ve vekaletle y\u00fcr\u00fct\u00fclen bu \u015feytani sava\u015f\u0131n ama\u00e7lar\u0131nda ba\u015far\u0131s\u0131z kald\u0131\u011f\u0131n\u0131, d\u00fcnyan\u0131n da bu ger\u00e7e\u011fi itiraf etti\u011fini belirtti.<\/p>\n<p>Halep ve halk\u0131n\u0131n radikal ter\u00f6rden kurtar\u0131lmalar\u0131n\u0131n Suriye ordusu ve destekleyici g\u00fc\u00e7lerinin kahramanca sa\u011flad\u0131klar\u0131 zaferlerin bir sembol\u00fc oldu\u011funa dikkat \u00e7eken Brojerdi; bu zaferin sava\u015f\u0131n \u00f6nemli bir s\u00fcrecini temsil etti\u011fine de i\u015faret etti. Brojerdi; ter\u00f6re muhtelif t\u00fcr destek temin eden devletlerin bir\u00e7ok ger\u00e7e\u011fi irdelemeleriyle birlikte koskoca bir halk\u0131n iradesine kar\u015f\u0131 duramayacaklar\u0131n\u0131 anlamalar\u0131 \u00f6neminin alt\u0131n\u0131 \u00e7izdi.<\/p>\n<p>Brojerdi Suriye&#8217;de daimi olarak \u00e7at\u0131\u015fmalar\u0131n durdurulmas\u0131n\u0131n I\u015e\u0130D ve Nusra Cephesinin Suriye&#8217;den tamamen yok edilmelerini gerektirdi\u011fine vurgu yapt\u0131.<\/p>\n<p>Rusya, \u0130ran, Hizbullah ve Suriye&#8217;de ter\u00f6re kar\u015f\u0131 m\u00fccadele eden di\u011fer t\u00fcm g\u00fc\u00e7lerin bu sava\u015fta temel bir rol oynad\u0131klar\u0131na dikkat \u00e7eken Brojerdi; bunlar\u0131n ter\u00f6re kar\u015f\u0131 sava\u015flar\u0131n\u0131 s\u00fcrd\u00fcrme kararl\u0131l\u0131\u011f\u0131nda olduklar\u0131n\u0131 kaydetti.<\/p>\n<p>https:\/\/www.youtube.com\/watch?v=j9bV8sgZCtc<\/p>\n","protected":false},"excerpt":{"rendered":"<p>\u015eAM \u2013 \u0130ran \u015eura Meclisinde D\u0131\u015f Politika ve Milli G\u00fcvenlik Komitesi Ba\u015fkan\u0131 Alauddin Brojerdi; \u0130ran\u2019\u0131n, ter\u00f6re kar\u015f\u0131 sava\u015fta Suriye ve direni\u015f eksenine destekleyici tutumunun bir kez daha alt\u0131n\u0131 \u00e7izerken, Suriye&#8217;de bulunan t\u00fcm ter\u00f6ristlerin Suriye&#8217;yi terk etmeleri gere\u011fini vurgulad\u0131. Ba\u015fkent \u015eam\u2019da bulundu\u011fu temaslar ard\u0131ndan bas\u0131n toplant\u0131s\u0131 d\u00fczenleyen Brojerdi; Suriye&#8217;yi ziyaret etmekte olan \u0130ran \u015eura Meclisi heyetinin &hellip;<\/p>\n","protected":false},"author":1,"featured_media":100567,"comment_status":"closed","ping_status":"closed","sticky":false,"template":"","format":"standard","meta":{"footnotes":""},"categories":[479,17988,478],"tags":[22931,11761,20976,25798,26487,26486],"class_list":["post-100500","post","type-post","status-publish","format-standard","has-post-thumbnail","","category-haberler-yerel","category-son-haberler","category-yerel","tag-alauddin-brojerdi","tag-iran-sura-meclisi","tag-suriye-ve-iran","tag-suriyede-siyasi-cozum","tag-suriyede-yabanci-gucler","tag-tum-yabanci-gucler-derhal-suriyeden-cekilmelidir"],"_links":{"self":[{"href":"https:\/\/archive.sana.sy\/tr\/index.php?rest_route=\/wp\/v2\/posts\/100500","targetHints":{"allow":["GET"]}}],"collection":[{"href":"https:\/\/archive.sana.sy\/tr\/index.php?rest_route=\/wp\/v2\/posts"}],"about":[{"href":"https:\/\/archive.sana.sy\/tr\/index.php?rest_route=\/wp\/v2\/types\/post"}],"author":[{"embeddable":true,"href":"https:\/\/archive.sana.sy\/tr\/index.php?rest_route=\/wp\/v2\/users\/1"}],"replies":[{"embeddable":true,"href":"https:\/\/archive.sana.sy\/tr\/index.php?rest_route=%2Fwp%2Fv2%2Fcomments&post=100500"}],"version-history":[{"count":0,"href":"https:\/\/archive.sana.sy\/tr\/index.php?rest_route=\/wp\/v2\/posts\/100500\/revisions"}],"wp:featuredmedia":[{"embeddable":true,"href":"https:\/\/archive.sana.sy\/tr\/index.php?rest_route=\/wp\/v2\/media\/100567"}],"wp:attachment":[{"href":"https:\/\/archive.sana.sy\/tr\/index.php?rest_route=%2Fwp%2Fv2%2Fmedia&parent=100500"}],"wp:term":[{"taxonomy":"category","embeddable":true,"href":"https:\/\/archive.sana.sy\/tr\/index.php?rest_route=%2Fwp%2Fv2%2Fcategories&post=100500"},{"taxonomy":"post_tag","embeddable":true,"href":"https:\/\/archive.sana.sy\/tr\/index.php?rest_route=%2Fwp%2Fv2%2Ftags&post=100500"}],"curies":[{"name":"wp","href":"https:\/\/api.w.org\/{rel}","templated":true}]}}