{"id":100504,"date":"2017-01-05T13:12:33","date_gmt":"2017-01-05T11:12:33","guid":{"rendered":"http:\/\/www.sana.sy\/tr\/?p=100504"},"modified":"2017-01-05T16:13:13","modified_gmt":"2017-01-05T14:13:13","slug":"iran-sura-meclisinde-dis-politika-ve-milli-guvenlik-komitesi-baskani-alauddin-brojerdi-iranin-terore-karsi-savasta-suriye-ve-direnis-eksenine-destekleyici-tutumunun-bir-kez-daha-altini-cize","status":"publish","type":"post","link":"https:\/\/archive.sana.sy\/tr\/?p=100504","title":{"rendered":"\u0130ran \u015eura Meclisinde D\u0131\u015f Politika ve Milli G\u00fcvenlik Komitesi Ba\u015fkan\u0131 Alauddin Brojerdi; \u0130ran\u2019\u0131n, ter\u00f6re kar\u015f\u0131 sava\u015fta Suriye ve direni\u015f eksenine destekleyici tutumunun bir kez daha alt\u0131n\u0131 \u00e7izerken, Suriye&#8217;de bulunan t\u00fcm ter\u00f6ristlerin Suriye&#8217;yi terk etmeleri gere\u011fini vurgulad\u0131"},"content":{"rendered":"<p>\u0130ran \u015eura Meclisinde D\u0131\u015f Politika ve Milli G\u00fcvenlik Komitesi Ba\u015fkan\u0131 Alauddin Brojerdi; \u0130ran\u2019\u0131n, ter\u00f6re kar\u015f\u0131 sava\u015fta Suriye ve direni\u015f eksenine destekleyici tutumunun bir kez daha alt\u0131n\u0131 \u00e7izerken, Suriye&#8217;de bulunan t\u00fcm ter\u00f6ristlerin Suriye&#8217;yi terk etmeleri gere\u011fini vurgulad\u0131<\/p>\n","protected":false},"excerpt":{"rendered":"<p>\u0130ran \u015eura Meclisinde D\u0131\u015f Politika ve Milli G\u00fcvenlik Komitesi Ba\u015fkan\u0131 Alauddin Brojerdi; \u0130ran\u2019\u0131n, ter\u00f6re kar\u015f\u0131 sava\u015fta Suriye ve direni\u015f eksenine destekleyici tutumunun bir kez daha alt\u0131n\u0131 \u00e7izerken, Suriye&#8217;de bulunan t\u00fcm ter\u00f6ristlerin Suriye&#8217;yi terk etmeleri gere\u011fini vurgulad\u0131<\/p>\n","protected":false},"author":1,"featured_media":0,"comment_status":"closed","ping_status":"closed","sticky":false,"template":"","format":"standard","meta":{"footnotes":""},"categories":[17991],"tags":[],"class_list":["post-100504","post","type-post","status-publish","format-standard","","category-son-dakika"],"_links":{"self":[{"href":"https:\/\/archive.sana.sy\/tr\/index.php?rest_route=\/wp\/v2\/posts\/100504","targetHints":{"allow":["GET"]}}],"collection":[{"href":"https:\/\/archive.sana.sy\/tr\/index.php?rest_route=\/wp\/v2\/posts"}],"about":[{"href":"https:\/\/archive.sana.sy\/tr\/index.php?rest_route=\/wp\/v2\/types\/post"}],"author":[{"embeddable":true,"href":"https:\/\/archive.sana.sy\/tr\/index.php?rest_route=\/wp\/v2\/users\/1"}],"replies":[{"embeddable":true,"href":"https:\/\/archive.sana.sy\/tr\/index.php?rest_route=%2Fwp%2Fv2%2Fcomments&post=100504"}],"version-history":[{"count":0,"href":"https:\/\/archive.sana.sy\/tr\/index.php?rest_route=\/wp\/v2\/posts\/100504\/revisions"}],"wp:attachment":[{"href":"https:\/\/archive.sana.sy\/tr\/index.php?rest_route=%2Fwp%2Fv2%2Fmedia&parent=100504"}],"wp:term":[{"taxonomy":"category","embeddable":true,"href":"https:\/\/archive.sana.sy\/tr\/index.php?rest_route=%2Fwp%2Fv2%2Fcategories&post=100504"},{"taxonomy":"post_tag","embeddable":true,"href":"https:\/\/archive.sana.sy\/tr\/index.php?rest_route=%2Fwp%2Fv2%2Ftags&post=100504"}],"curies":[{"name":"wp","href":"https:\/\/api.w.org\/{rel}","templated":true}]}}