{"id":100505,"date":"2017-01-05T13:15:42","date_gmt":"2017-01-05T11:15:42","guid":{"rendered":"http:\/\/www.sana.sy\/tr\/?p=100505"},"modified":"2017-01-05T16:15:57","modified_gmt":"2017-01-05T14:15:57","slug":"baskent-samda-bulundugu-temaslar-ardindan-basin-toplantisi-duzenleyen-brojerdi-suriyeyi-ziyaret-etmekte-olan-iran-sura-meclisi-heyetinin-bir-kez-daha-iranin-suriyeye-destegini-v","status":"publish","type":"post","link":"https:\/\/archive.sana.sy\/tr\/?p=100505","title":{"rendered":"Ba\u015fkent \u015eam\u2019da bulundu\u011fu temaslar ard\u0131ndan bas\u0131n toplant\u0131s\u0131 d\u00fczenleyen Brojerdi; Suriye&#8217;yi ziyaret etmekte olan \u0130ran \u015eura Meclisi heyetinin bir kez daha \u0130ran\u2019\u0131n Suriye&#8217;ye deste\u011fini vurgulamak istedi\u011fini kaydetti."},"content":{"rendered":"<p>Ba\u015fkent \u015eam\u2019da bulundu\u011fu temaslar ard\u0131ndan bas\u0131n toplant\u0131s\u0131 d\u00fczenleyen Brojerdi; Suriye&#8217;yi ziyaret etmekte olan \u0130ran \u015eura Meclisi heyetinin bir kez daha \u0130ran\u2019\u0131n Suriye&#8217;ye deste\u011fini vurgulamak istedi\u011fini kaydetti.<\/p>\n","protected":false},"excerpt":{"rendered":"<p>Ba\u015fkent \u015eam\u2019da bulundu\u011fu temaslar ard\u0131ndan bas\u0131n toplant\u0131s\u0131 d\u00fczenleyen Brojerdi; Suriye&#8217;yi ziyaret etmekte olan \u0130ran \u015eura Meclisi heyetinin bir kez daha \u0130ran\u2019\u0131n Suriye&#8217;ye deste\u011fini vurgulamak istedi\u011fini kaydetti.<\/p>\n","protected":false},"author":1,"featured_media":0,"comment_status":"closed","ping_status":"closed","sticky":false,"template":"","format":"standard","meta":{"footnotes":""},"categories":[17991],"tags":[],"class_list":["post-100505","post","type-post","status-publish","format-standard","","category-son-dakika"],"_links":{"self":[{"href":"https:\/\/archive.sana.sy\/tr\/index.php?rest_route=\/wp\/v2\/posts\/100505","targetHints":{"allow":["GET"]}}],"collection":[{"href":"https:\/\/archive.sana.sy\/tr\/index.php?rest_route=\/wp\/v2\/posts"}],"about":[{"href":"https:\/\/archive.sana.sy\/tr\/index.php?rest_route=\/wp\/v2\/types\/post"}],"author":[{"embeddable":true,"href":"https:\/\/archive.sana.sy\/tr\/index.php?rest_route=\/wp\/v2\/users\/1"}],"replies":[{"embeddable":true,"href":"https:\/\/archive.sana.sy\/tr\/index.php?rest_route=%2Fwp%2Fv2%2Fcomments&post=100505"}],"version-history":[{"count":0,"href":"https:\/\/archive.sana.sy\/tr\/index.php?rest_route=\/wp\/v2\/posts\/100505\/revisions"}],"wp:attachment":[{"href":"https:\/\/archive.sana.sy\/tr\/index.php?rest_route=%2Fwp%2Fv2%2Fmedia&parent=100505"}],"wp:term":[{"taxonomy":"category","embeddable":true,"href":"https:\/\/archive.sana.sy\/tr\/index.php?rest_route=%2Fwp%2Fv2%2Fcategories&post=100505"},{"taxonomy":"post_tag","embeddable":true,"href":"https:\/\/archive.sana.sy\/tr\/index.php?rest_route=%2Fwp%2Fv2%2Ftags&post=100505"}],"curies":[{"name":"wp","href":"https:\/\/api.w.org\/{rel}","templated":true}]}}