{"id":100508,"date":"2017-01-05T13:17:43","date_gmt":"2017-01-05T11:17:43","guid":{"rendered":"http:\/\/www.sana.sy\/tr\/?p=100508"},"modified":"2017-01-05T16:16:20","modified_gmt":"2017-01-05T14:16:20","slug":"brojerdi-suriye-ve-halkinin-yillardir-dusmanlari-tarafindan-zalim-bir-savasa-maruz-kaldigina-dikkat-cekerken-suriyenin-siyonist-planlara-karsi-mucadele-cephesinin-on-hattini-teskil-ettigini-soyled","status":"publish","type":"post","link":"https:\/\/archive.sana.sy\/tr\/?p=100508","title":{"rendered":"Brojerdi; Suriye ve halk\u0131n\u0131n y\u0131llard\u0131r d\u00fc\u015fmanlar\u0131 taraf\u0131ndan zalim bir sava\u015fa maruz kald\u0131\u011f\u0131na dikkat \u00e7ekerken, Suriye&#8217;nin siyonist planlara kar\u015f\u0131 m\u00fccadele cephesinin \u00f6n hatt\u0131n\u0131 te\u015fkil etti\u011fini s\u00f6yledi."},"content":{"rendered":"<p>Brojerdi; Suriye ve halk\u0131n\u0131n y\u0131llard\u0131r d\u00fc\u015fmanlar\u0131 taraf\u0131ndan zalim bir sava\u015fa maruz kald\u0131\u011f\u0131na dikkat \u00e7ekerken, Suriye&#8217;nin siyonist planlara kar\u015f\u0131 m\u00fccadele cephesinin \u00f6n hatt\u0131n\u0131 te\u015fkil etti\u011fini s\u00f6yledi.<\/p>\n","protected":false},"excerpt":{"rendered":"<p>Brojerdi; Suriye ve halk\u0131n\u0131n y\u0131llard\u0131r d\u00fc\u015fmanlar\u0131 taraf\u0131ndan zalim bir sava\u015fa maruz kald\u0131\u011f\u0131na dikkat \u00e7ekerken, Suriye&#8217;nin siyonist planlara kar\u015f\u0131 m\u00fccadele cephesinin \u00f6n hatt\u0131n\u0131 te\u015fkil etti\u011fini s\u00f6yledi.<\/p>\n","protected":false},"author":1,"featured_media":0,"comment_status":"closed","ping_status":"closed","sticky":false,"template":"","format":"standard","meta":{"footnotes":""},"categories":[17991],"tags":[],"class_list":["post-100508","post","type-post","status-publish","format-standard","","category-son-dakika"],"_links":{"self":[{"href":"https:\/\/archive.sana.sy\/tr\/index.php?rest_route=\/wp\/v2\/posts\/100508","targetHints":{"allow":["GET"]}}],"collection":[{"href":"https:\/\/archive.sana.sy\/tr\/index.php?rest_route=\/wp\/v2\/posts"}],"about":[{"href":"https:\/\/archive.sana.sy\/tr\/index.php?rest_route=\/wp\/v2\/types\/post"}],"author":[{"embeddable":true,"href":"https:\/\/archive.sana.sy\/tr\/index.php?rest_route=\/wp\/v2\/users\/1"}],"replies":[{"embeddable":true,"href":"https:\/\/archive.sana.sy\/tr\/index.php?rest_route=%2Fwp%2Fv2%2Fcomments&post=100508"}],"version-history":[{"count":0,"href":"https:\/\/archive.sana.sy\/tr\/index.php?rest_route=\/wp\/v2\/posts\/100508\/revisions"}],"wp:attachment":[{"href":"https:\/\/archive.sana.sy\/tr\/index.php?rest_route=%2Fwp%2Fv2%2Fmedia&parent=100508"}],"wp:term":[{"taxonomy":"category","embeddable":true,"href":"https:\/\/archive.sana.sy\/tr\/index.php?rest_route=%2Fwp%2Fv2%2Fcategories&post=100508"},{"taxonomy":"post_tag","embeddable":true,"href":"https:\/\/archive.sana.sy\/tr\/index.php?rest_route=%2Fwp%2Fv2%2Ftags&post=100508"}],"curies":[{"name":"wp","href":"https:\/\/api.w.org\/{rel}","templated":true}]}}