{"id":100510,"date":"2017-01-05T13:19:10","date_gmt":"2017-01-05T11:19:10","guid":{"rendered":"http:\/\/www.sana.sy\/tr\/?p=100510"},"modified":"2017-01-05T16:16:45","modified_gmt":"2017-01-05T14:16:45","slug":"iranin-suriyenin-egemenligini-ve-toprak-butunlugunu-tam-ve-guclu-bir-sekilde-destekledigini-vurgulayan-brojerdi-bu-kapsamda-suriyede-mesru-hukumetin-onay-ve-izni-olmaksizin-suriye-toprak","status":"publish","type":"post","link":"https:\/\/archive.sana.sy\/tr\/?p=100510","title":{"rendered":"\u0130ran\u2019\u0131n Suriye&#8217;nin egemenli\u011fini ve toprak b\u00fct\u00fcnl\u00fc\u011f\u00fcn\u00fc tam ve g\u00fc\u00e7l\u00fc bir \u015fekilde destekledi\u011fini vurgulayan Brojerdi; bu kapsamda Suriye&#8217;de me\u015fru h\u00fck\u00fcmetin onay ve izni olmaks\u0131z\u0131n Suriye topraklar\u0131na herhangi bir yabanc\u0131 g\u00fcc\u00fcn girmesini \u015fiddetle k\u0131nad\u0131\u011f\u0131n\u0131n alt\u0131n\u0131 \u00e7izdi"},"content":{"rendered":"<p>\u0130ran\u2019\u0131n Suriye&#8217;nin egemenli\u011fini ve toprak b\u00fct\u00fcnl\u00fc\u011f\u00fcn\u00fc tam ve g\u00fc\u00e7l\u00fc bir \u015fekilde destekledi\u011fini vurgulayan Brojerdi; bu kapsamda Suriye&#8217;de me\u015fru h\u00fck\u00fcmetin onay ve izni olmaks\u0131z\u0131n Suriye topraklar\u0131na herhangi bir yabanc\u0131 g\u00fcc\u00fcn girmesini \u015fiddetle k\u0131nad\u0131\u011f\u0131n\u0131n alt\u0131n\u0131 \u00e7izdi<\/p>\n","protected":false},"excerpt":{"rendered":"<p>\u0130ran\u2019\u0131n Suriye&#8217;nin egemenli\u011fini ve toprak b\u00fct\u00fcnl\u00fc\u011f\u00fcn\u00fc tam ve g\u00fc\u00e7l\u00fc bir \u015fekilde destekledi\u011fini vurgulayan Brojerdi; bu kapsamda Suriye&#8217;de me\u015fru h\u00fck\u00fcmetin onay ve izni olmaks\u0131z\u0131n Suriye topraklar\u0131na herhangi bir yabanc\u0131 g\u00fcc\u00fcn girmesini \u015fiddetle k\u0131nad\u0131\u011f\u0131n\u0131n alt\u0131n\u0131 \u00e7izdi<\/p>\n","protected":false},"author":1,"featured_media":0,"comment_status":"closed","ping_status":"closed","sticky":false,"template":"","format":"standard","meta":{"footnotes":""},"categories":[17991],"tags":[],"class_list":["post-100510","post","type-post","status-publish","format-standard","","category-son-dakika"],"_links":{"self":[{"href":"https:\/\/archive.sana.sy\/tr\/index.php?rest_route=\/wp\/v2\/posts\/100510","targetHints":{"allow":["GET"]}}],"collection":[{"href":"https:\/\/archive.sana.sy\/tr\/index.php?rest_route=\/wp\/v2\/posts"}],"about":[{"href":"https:\/\/archive.sana.sy\/tr\/index.php?rest_route=\/wp\/v2\/types\/post"}],"author":[{"embeddable":true,"href":"https:\/\/archive.sana.sy\/tr\/index.php?rest_route=\/wp\/v2\/users\/1"}],"replies":[{"embeddable":true,"href":"https:\/\/archive.sana.sy\/tr\/index.php?rest_route=%2Fwp%2Fv2%2Fcomments&post=100510"}],"version-history":[{"count":0,"href":"https:\/\/archive.sana.sy\/tr\/index.php?rest_route=\/wp\/v2\/posts\/100510\/revisions"}],"wp:attachment":[{"href":"https:\/\/archive.sana.sy\/tr\/index.php?rest_route=%2Fwp%2Fv2%2Fmedia&parent=100510"}],"wp:term":[{"taxonomy":"category","embeddable":true,"href":"https:\/\/archive.sana.sy\/tr\/index.php?rest_route=%2Fwp%2Fv2%2Fcategories&post=100510"},{"taxonomy":"post_tag","embeddable":true,"href":"https:\/\/archive.sana.sy\/tr\/index.php?rest_route=%2Fwp%2Fv2%2Ftags&post=100510"}],"curies":[{"name":"wp","href":"https:\/\/api.w.org\/{rel}","templated":true}]}}