{"id":100515,"date":"2017-01-05T13:26:18","date_gmt":"2017-01-05T11:26:18","guid":{"rendered":"http:\/\/www.sana.sy\/tr\/?p=100515"},"modified":"2017-01-05T16:18:11","modified_gmt":"2017-01-05T14:18:11","slug":"bundan-amacin-bolgede-siyonist-planlara-karsi-mucadele-veren-direnis-eksenini-sabote-etmek-oldugunu-ifade-eden-brojerdi-bunun-da-tamamen-israilin-cikarlarina-hizmet-ettigine-dikkat-cekti","status":"publish","type":"post","link":"https:\/\/archive.sana.sy\/tr\/?p=100515","title":{"rendered":"Bundan amac\u0131n b\u00f6lgede siyonist planlara kar\u015f\u0131 m\u00fccadele veren direni\u015f eksenini sabote etmek oldu\u011funu ifade eden Brojerdi; bunun da tamamen \u0130srail&#8217;in \u00e7\u0131karlar\u0131na hizmet etti\u011fine dikkat \u00e7ekti."},"content":{"rendered":"<p>Bundan amac\u0131n b\u00f6lgede siyonist planlara kar\u015f\u0131 m\u00fccadele veren direni\u015f eksenini sabote etmek oldu\u011funu ifade eden Brojerdi; bunun da tamamen \u0130srail&#8217;in \u00e7\u0131karlar\u0131na hizmet etti\u011fine dikkat \u00e7ekti.<\/p>\n","protected":false},"excerpt":{"rendered":"<p>Bundan amac\u0131n b\u00f6lgede siyonist planlara kar\u015f\u0131 m\u00fccadele veren direni\u015f eksenini sabote etmek oldu\u011funu ifade eden Brojerdi; bunun da tamamen \u0130srail&#8217;in \u00e7\u0131karlar\u0131na hizmet etti\u011fine dikkat \u00e7ekti.<\/p>\n","protected":false},"author":1,"featured_media":0,"comment_status":"closed","ping_status":"closed","sticky":false,"template":"","format":"standard","meta":{"footnotes":""},"categories":[17991],"tags":[],"class_list":["post-100515","post","type-post","status-publish","format-standard","","category-son-dakika"],"_links":{"self":[{"href":"https:\/\/archive.sana.sy\/tr\/index.php?rest_route=\/wp\/v2\/posts\/100515","targetHints":{"allow":["GET"]}}],"collection":[{"href":"https:\/\/archive.sana.sy\/tr\/index.php?rest_route=\/wp\/v2\/posts"}],"about":[{"href":"https:\/\/archive.sana.sy\/tr\/index.php?rest_route=\/wp\/v2\/types\/post"}],"author":[{"embeddable":true,"href":"https:\/\/archive.sana.sy\/tr\/index.php?rest_route=\/wp\/v2\/users\/1"}],"replies":[{"embeddable":true,"href":"https:\/\/archive.sana.sy\/tr\/index.php?rest_route=%2Fwp%2Fv2%2Fcomments&post=100515"}],"version-history":[{"count":0,"href":"https:\/\/archive.sana.sy\/tr\/index.php?rest_route=\/wp\/v2\/posts\/100515\/revisions"}],"wp:attachment":[{"href":"https:\/\/archive.sana.sy\/tr\/index.php?rest_route=%2Fwp%2Fv2%2Fmedia&parent=100515"}],"wp:term":[{"taxonomy":"category","embeddable":true,"href":"https:\/\/archive.sana.sy\/tr\/index.php?rest_route=%2Fwp%2Fv2%2Fcategories&post=100515"},{"taxonomy":"post_tag","embeddable":true,"href":"https:\/\/archive.sana.sy\/tr\/index.php?rest_route=%2Fwp%2Fv2%2Ftags&post=100515"}],"curies":[{"name":"wp","href":"https:\/\/api.w.org\/{rel}","templated":true}]}}