{"id":100525,"date":"2017-01-05T12:03:33","date_gmt":"2017-01-05T10:03:33","guid":{"rendered":"http:\/\/www.sana.sy\/tr\/?p=100525"},"modified":"2017-01-05T16:20:33","modified_gmt":"2017-01-05T14:20:33","slug":"cumhurbaskani-bessar-el-esad-bugun-irak-ulusal-guvenlik-mustesari-ve-irak-basbakani-haydar-abadinin-delegesi-falih-fayyadi-kabul-etti","status":"publish","type":"post","link":"https:\/\/archive.sana.sy\/tr\/?p=100525","title":{"rendered":"Cumhurba\u015fkan\u0131 Be\u015f\u015far el Esad bug\u00fcn, Irak Ulusal G\u00fcvenlik M\u00fcste\u015far\u0131 ve Irak Ba\u015fbakan\u0131 Haydar Abadi\u2019nin delegesi Falih Fayyad\u2019\u0131 kabul etti"},"content":{"rendered":"<p>Cumhurba\u015fkan\u0131 Be\u015f\u015far el Esad bug\u00fcn, Irak Ulusal G\u00fcvenlik M\u00fcste\u015far\u0131 ve Irak Ba\u015fbakan\u0131 Haydar Abadi\u2019nin delegesi Falih Fayyad\u2019\u0131 kabul etti<\/p>\n","protected":false},"excerpt":{"rendered":"<p>Cumhurba\u015fkan\u0131 Be\u015f\u015far el Esad bug\u00fcn, Irak Ulusal G\u00fcvenlik M\u00fcste\u015far\u0131 ve Irak Ba\u015fbakan\u0131 Haydar Abadi\u2019nin delegesi Falih Fayyad\u2019\u0131 kabul etti<\/p>\n","protected":false},"author":1,"featured_media":0,"comment_status":"closed","ping_status":"closed","sticky":false,"template":"","format":"standard","meta":{"footnotes":""},"categories":[17991],"tags":[],"class_list":["post-100525","post","type-post","status-publish","format-standard","","category-son-dakika"],"_links":{"self":[{"href":"https:\/\/archive.sana.sy\/tr\/index.php?rest_route=\/wp\/v2\/posts\/100525","targetHints":{"allow":["GET"]}}],"collection":[{"href":"https:\/\/archive.sana.sy\/tr\/index.php?rest_route=\/wp\/v2\/posts"}],"about":[{"href":"https:\/\/archive.sana.sy\/tr\/index.php?rest_route=\/wp\/v2\/types\/post"}],"author":[{"embeddable":true,"href":"https:\/\/archive.sana.sy\/tr\/index.php?rest_route=\/wp\/v2\/users\/1"}],"replies":[{"embeddable":true,"href":"https:\/\/archive.sana.sy\/tr\/index.php?rest_route=%2Fwp%2Fv2%2Fcomments&post=100525"}],"version-history":[{"count":0,"href":"https:\/\/archive.sana.sy\/tr\/index.php?rest_route=\/wp\/v2\/posts\/100525\/revisions"}],"wp:attachment":[{"href":"https:\/\/archive.sana.sy\/tr\/index.php?rest_route=%2Fwp%2Fv2%2Fmedia&parent=100525"}],"wp:term":[{"taxonomy":"category","embeddable":true,"href":"https:\/\/archive.sana.sy\/tr\/index.php?rest_route=%2Fwp%2Fv2%2Fcategories&post=100525"},{"taxonomy":"post_tag","embeddable":true,"href":"https:\/\/archive.sana.sy\/tr\/index.php?rest_route=%2Fwp%2Fv2%2Ftags&post=100525"}],"curies":[{"name":"wp","href":"https:\/\/api.w.org\/{rel}","templated":true}]}}