{"id":100533,"date":"2017-01-05T12:21:37","date_gmt":"2017-01-05T10:21:37","guid":{"rendered":"http:\/\/www.sana.sy\/tr\/?p=100533"},"modified":"2017-01-05T16:22:13","modified_gmt":"2017-01-05T14:22:13","slug":"terorun-sinir-ya-da-dostu-olmadigina-bir-kez-daha-dikkat-ceken-el-esad-son-olarak-bolge-devletleri-ve-dunyanin-muhtelif-devletlerinde-meydana-gelen-teror-saldirilarinin-bunu-kanitladigini-kaydetti","status":"publish","type":"post","link":"https:\/\/archive.sana.sy\/tr\/?p=100533","title":{"rendered":"Ter\u00f6r\u00fcn s\u0131n\u0131r ya da dostu olmad\u0131\u011f\u0131na bir kez daha dikkat \u00e7eken el Esad; son olarak b\u00f6lge devletleri ve d\u00fcnyan\u0131n muhtelif devletlerinde meydana gelen ter\u00f6r sald\u0131r\u0131lar\u0131n\u0131n bunu kan\u0131tlad\u0131\u011f\u0131n\u0131 kaydetti."},"content":{"rendered":"<p>Ter\u00f6r\u00fcn s\u0131n\u0131r ya da dostu olmad\u0131\u011f\u0131na bir kez daha dikkat \u00e7eken el Esad; son olarak b\u00f6lge devletleri ve d\u00fcnyan\u0131n muhtelif devletlerinde meydana gelen ter\u00f6r sald\u0131r\u0131lar\u0131n\u0131n bunu kan\u0131tlad\u0131\u011f\u0131n\u0131 kaydetti.<\/p>\n","protected":false},"excerpt":{"rendered":"<p>Ter\u00f6r\u00fcn s\u0131n\u0131r ya da dostu olmad\u0131\u011f\u0131na bir kez daha dikkat \u00e7eken el Esad; son olarak b\u00f6lge devletleri ve d\u00fcnyan\u0131n muhtelif devletlerinde meydana gelen ter\u00f6r sald\u0131r\u0131lar\u0131n\u0131n bunu kan\u0131tlad\u0131\u011f\u0131n\u0131 kaydetti.<\/p>\n","protected":false},"author":1,"featured_media":0,"comment_status":"closed","ping_status":"closed","sticky":false,"template":"","format":"standard","meta":{"footnotes":""},"categories":[17991],"tags":[],"class_list":["post-100533","post","type-post","status-publish","format-standard","","category-son-dakika"],"_links":{"self":[{"href":"https:\/\/archive.sana.sy\/tr\/index.php?rest_route=\/wp\/v2\/posts\/100533","targetHints":{"allow":["GET"]}}],"collection":[{"href":"https:\/\/archive.sana.sy\/tr\/index.php?rest_route=\/wp\/v2\/posts"}],"about":[{"href":"https:\/\/archive.sana.sy\/tr\/index.php?rest_route=\/wp\/v2\/types\/post"}],"author":[{"embeddable":true,"href":"https:\/\/archive.sana.sy\/tr\/index.php?rest_route=\/wp\/v2\/users\/1"}],"replies":[{"embeddable":true,"href":"https:\/\/archive.sana.sy\/tr\/index.php?rest_route=%2Fwp%2Fv2%2Fcomments&post=100533"}],"version-history":[{"count":0,"href":"https:\/\/archive.sana.sy\/tr\/index.php?rest_route=\/wp\/v2\/posts\/100533\/revisions"}],"wp:attachment":[{"href":"https:\/\/archive.sana.sy\/tr\/index.php?rest_route=%2Fwp%2Fv2%2Fmedia&parent=100533"}],"wp:term":[{"taxonomy":"category","embeddable":true,"href":"https:\/\/archive.sana.sy\/tr\/index.php?rest_route=%2Fwp%2Fv2%2Fcategories&post=100533"},{"taxonomy":"post_tag","embeddable":true,"href":"https:\/\/archive.sana.sy\/tr\/index.php?rest_route=%2Fwp%2Fv2%2Ftags&post=100533"}],"curies":[{"name":"wp","href":"https:\/\/api.w.org\/{rel}","templated":true}]}}