{"id":100544,"date":"2017-01-05T17:00:56","date_gmt":"2017-01-05T15:00:56","guid":{"rendered":"http:\/\/www.sana.sy\/tr\/?p=100544"},"modified":"2017-01-06T14:18:58","modified_gmt":"2017-01-06T12:18:58","slug":"suriye-ve-halki-zafer-kazanacak","status":"publish","type":"post","link":"https:\/\/archive.sana.sy\/tr\/?p=100544","title":{"rendered":"Suriye ve Halk\u0131 Zafer Kazanacak"},"content":{"rendered":"<p>\u015eAM \u2013 Ba\u015fbakan \u0130mad Hamis bug\u00fcn \u0130ran \u015eura Meclisinde D\u0131\u015f Politika ve Milli G\u00fcvenlik Komitesi Ba\u015fkan\u0131 Alauddin Brojerdi ve ona e\u015flik eden heyetle bir araya geldi.<\/p>\n<p>B\u00f6lgede siyasi ve askeri geli\u015fmelerin ele al\u0131nd\u0131\u011f\u0131 g\u00f6r\u00fc\u015fmede iki taraf Suriye ve \u0130ran aras\u0131ndaki ili\u015fkilerin tar\u0131m, sanayi, ticari, yat\u0131r\u0131m, hizmetsel, kalk\u0131nsal ve ekonomik alanlarda daha da peki\u015ftirilmesi \u00f6nemini kaydetti.<img loading=\"lazy\" decoding=\"async\" class=\"alignright size-medium wp-image-100549\" src=\"http:\/\/www.sana.sy\/tr\/wp-content\/uploads\/2017\/01\/hamis-1-300x150.jpg\" alt=\"\" width=\"300\" height=\"150\" srcset=\"https:\/\/archive.sana.sy\/tr\/wp-content\/uploads\/2017\/01\/hamis-1-300x150.jpg 300w, https:\/\/archive.sana.sy\/tr\/wp-content\/uploads\/2017\/01\/hamis-1-150x75.jpg 150w, https:\/\/archive.sana.sy\/tr\/wp-content\/uploads\/2017\/01\/hamis-1.jpg 660w\" sizes=\"auto, (max-width: 300px) 100vw, 300px\" \/><\/p>\n<p>Brojerdi Suriye ve halk\u0131n\u0131n, maruz kald\u0131klar\u0131 bu zalim sava\u015fta ter\u00f6r ve destek\u00e7ilerine kar\u015f\u0131 \u015fanl\u0131 bir zafer sa\u011flayacaklar\u0131na inand\u0131\u011f\u0131n\u0131 ifade etti.<\/p>\n","protected":false},"excerpt":{"rendered":"<p>\u015eAM \u2013 Ba\u015fbakan \u0130mad Hamis bug\u00fcn \u0130ran \u015eura Meclisinde D\u0131\u015f Politika ve Milli G\u00fcvenlik Komitesi Ba\u015fkan\u0131 Alauddin Brojerdi ve ona e\u015flik eden heyetle bir araya geldi. B\u00f6lgede siyasi ve askeri geli\u015fmelerin ele al\u0131nd\u0131\u011f\u0131 g\u00f6r\u00fc\u015fmede iki taraf Suriye ve \u0130ran aras\u0131ndaki ili\u015fkilerin tar\u0131m, sanayi, ticari, yat\u0131r\u0131m, hizmetsel, kalk\u0131nsal ve ekonomik alanlarda daha da peki\u015ftirilmesi \u00f6nemini kaydetti. &hellip;<\/p>\n","protected":false},"author":1,"featured_media":100548,"comment_status":"closed","ping_status":"closed","sticky":false,"template":"","format":"standard","meta":{"footnotes":""},"categories":[479,17988,478],"tags":[22931,26488],"class_list":["post-100544","post","type-post","status-publish","format-standard","has-post-thumbnail","","category-haberler-yerel","category-son-haberler","category-yerel","tag-alauddin-brojerdi","tag-suriye-ve-halki-zafer-kazanacak"],"_links":{"self":[{"href":"https:\/\/archive.sana.sy\/tr\/index.php?rest_route=\/wp\/v2\/posts\/100544","targetHints":{"allow":["GET"]}}],"collection":[{"href":"https:\/\/archive.sana.sy\/tr\/index.php?rest_route=\/wp\/v2\/posts"}],"about":[{"href":"https:\/\/archive.sana.sy\/tr\/index.php?rest_route=\/wp\/v2\/types\/post"}],"author":[{"embeddable":true,"href":"https:\/\/archive.sana.sy\/tr\/index.php?rest_route=\/wp\/v2\/users\/1"}],"replies":[{"embeddable":true,"href":"https:\/\/archive.sana.sy\/tr\/index.php?rest_route=%2Fwp%2Fv2%2Fcomments&post=100544"}],"version-history":[{"count":0,"href":"https:\/\/archive.sana.sy\/tr\/index.php?rest_route=\/wp\/v2\/posts\/100544\/revisions"}],"wp:featuredmedia":[{"embeddable":true,"href":"https:\/\/archive.sana.sy\/tr\/index.php?rest_route=\/wp\/v2\/media\/100548"}],"wp:attachment":[{"href":"https:\/\/archive.sana.sy\/tr\/index.php?rest_route=%2Fwp%2Fv2%2Fmedia&parent=100544"}],"wp:term":[{"taxonomy":"category","embeddable":true,"href":"https:\/\/archive.sana.sy\/tr\/index.php?rest_route=%2Fwp%2Fv2%2Fcategories&post=100544"},{"taxonomy":"post_tag","embeddable":true,"href":"https:\/\/archive.sana.sy\/tr\/index.php?rest_route=%2Fwp%2Fv2%2Ftags&post=100544"}],"curies":[{"name":"wp","href":"https:\/\/api.w.org\/{rel}","templated":true}]}}