{"id":100551,"date":"2017-01-05T17:18:13","date_gmt":"2017-01-05T15:18:13","guid":{"rendered":"http:\/\/www.sana.sy\/tr\/?p=100551"},"modified":"2017-01-06T14:18:54","modified_gmt":"2017-01-06T12:18:54","slug":"halepte-onarim-icin-sozlesmeler-imzalandi","status":"publish","type":"post","link":"https:\/\/archive.sana.sy\/tr\/?p=100551","title":{"rendered":"Halep\u2019te Onar\u0131m \u0130\u00e7in S\u00f6zle\u015fmeler \u0130mzaland\u0131"},"content":{"rendered":"<p>HALEP \u2013 Halep Valilik Meclisi bug\u00fcn; Halep Kentinde d\u0131\u015f g\u00fc\u00e7lere tabi ter\u00f6ristlerden kurtar\u0131lan semtlerin onar\u0131m\u0131 amac\u0131yla bug\u00fcn 1 milyar 100 milyon maliyetinde 14 s\u00f6zle\u015fmeyi onaylad\u0131.<\/p>\n<p>Kamu \u015eirketinin \u00fcstlendi\u011fi s\u00f6zle\u015fmelerde s\u00f6z konusu semtlerin ter\u00f6r kal\u0131nt\u0131lar\u0131ndan temizlenmesi, altyap\u0131 ve hizmet kurumlar\u0131n\u0131n onar\u0131lmas\u0131 ve vatanda\u015flar\u0131n evlerine ve normal ya\u015famlar\u0131na d\u00f6nmelerini ama\u00e7l\u0131yor.<\/p>\n","protected":false},"excerpt":{"rendered":"<p>HALEP \u2013 Halep Valilik Meclisi bug\u00fcn; Halep Kentinde d\u0131\u015f g\u00fc\u00e7lere tabi ter\u00f6ristlerden kurtar\u0131lan semtlerin onar\u0131m\u0131 amac\u0131yla bug\u00fcn 1 milyar 100 milyon maliyetinde 14 s\u00f6zle\u015fmeyi onaylad\u0131. Kamu \u015eirketinin \u00fcstlendi\u011fi s\u00f6zle\u015fmelerde s\u00f6z konusu semtlerin ter\u00f6r kal\u0131nt\u0131lar\u0131ndan temizlenmesi, altyap\u0131 ve hizmet kurumlar\u0131n\u0131n onar\u0131lmas\u0131 ve vatanda\u015flar\u0131n evlerine ve normal ya\u015famlar\u0131na d\u00f6nmelerini ama\u00e7l\u0131yor.<\/p>\n","protected":false},"author":1,"featured_media":100552,"comment_status":"closed","ping_status":"closed","sticky":false,"template":"","format":"standard","meta":{"footnotes":""},"categories":[479,17988,478],"tags":[26490,26491,26489],"class_list":["post-100551","post","type-post","status-publish","format-standard","has-post-thumbnail","","category-haberler-yerel","category-son-haberler","category-yerel","tag-halep-valilik-meclisi","tag-halepin-onarimi","tag-halepte-onarim-icin-sozlesmeler-imzalandi"],"_links":{"self":[{"href":"https:\/\/archive.sana.sy\/tr\/index.php?rest_route=\/wp\/v2\/posts\/100551","targetHints":{"allow":["GET"]}}],"collection":[{"href":"https:\/\/archive.sana.sy\/tr\/index.php?rest_route=\/wp\/v2\/posts"}],"about":[{"href":"https:\/\/archive.sana.sy\/tr\/index.php?rest_route=\/wp\/v2\/types\/post"}],"author":[{"embeddable":true,"href":"https:\/\/archive.sana.sy\/tr\/index.php?rest_route=\/wp\/v2\/users\/1"}],"replies":[{"embeddable":true,"href":"https:\/\/archive.sana.sy\/tr\/index.php?rest_route=%2Fwp%2Fv2%2Fcomments&post=100551"}],"version-history":[{"count":0,"href":"https:\/\/archive.sana.sy\/tr\/index.php?rest_route=\/wp\/v2\/posts\/100551\/revisions"}],"wp:featuredmedia":[{"embeddable":true,"href":"https:\/\/archive.sana.sy\/tr\/index.php?rest_route=\/wp\/v2\/media\/100552"}],"wp:attachment":[{"href":"https:\/\/archive.sana.sy\/tr\/index.php?rest_route=%2Fwp%2Fv2%2Fmedia&parent=100551"}],"wp:term":[{"taxonomy":"category","embeddable":true,"href":"https:\/\/archive.sana.sy\/tr\/index.php?rest_route=%2Fwp%2Fv2%2Fcategories&post=100551"},{"taxonomy":"post_tag","embeddable":true,"href":"https:\/\/archive.sana.sy\/tr\/index.php?rest_route=%2Fwp%2Fv2%2Ftags&post=100551"}],"curies":[{"name":"wp","href":"https:\/\/api.w.org\/{rel}","templated":true}]}}