{"id":100584,"date":"2017-01-06T10:30:04","date_gmt":"2017-01-06T08:30:04","guid":{"rendered":"http:\/\/www.sana.sy\/tr\/?p=100584"},"modified":"2017-01-06T18:20:24","modified_gmt":"2017-01-06T16:20:24","slug":"disisleri-bakanligi-buyuk-kentlerde-sularin-kesilmesi-insanlik-disi-bir-suctur","status":"publish","type":"post","link":"https:\/\/archive.sana.sy\/tr\/?p=100584","title":{"rendered":"D\u0131\u015fi\u015fleri Bakanl\u0131\u011f\u0131: B\u00fcy\u00fck Kentlerde Sular\u0131n Kesilmesi \u0130nsanl\u0131k D\u0131\u015f\u0131 Bir Su\u00e7tur"},"content":{"rendered":"<p>\u015eAM \u2013 D\u0131\u015fi\u015fleri ve Gurbet\u00e7iler Bakanl\u0131\u011f\u0131, silahl\u0131 ter\u00f6r gruplar\u0131n\u0131n ba\u015fta Halep ve \u015eam olmak \u00fczere b\u00fcy\u00fck kentlerde i\u015fledikleri su\u00e7lar silsilesine sivil vatanda\u015flar\u0131n i\u00e7me &#8211; kullanma sular\u0131n\u0131n kesilmesini eklemelerinin, uluslararas\u0131 yasalar\u0131n \u00e7i\u011fnendi\u011fi bir sava\u015f ve insanl\u0131k su\u00e7u oldu\u011funu ifade etti.<\/p>\n<p>Bakanl\u0131k; BM Genel Sekreteri ve G\u00fcvenlik Konseyi Ba\u015fkan\u0131na g\u00f6nderdi\u011fi birbirine iki e\u015f mektupta; kimilerinin \u201cMutedil\u201d olarak nitelendirdi\u011fi silahl\u0131 ter\u00f6r gruplar\u0131n\u0131n ge\u00e7ti\u011fimiz y\u0131l\u0131n son g\u00fcnlerine kadar insanl\u0131k su\u00e7u i\u015flemeye devam ettiklerini dile getirerek Barada Vadisi ve Ayn Fici b\u00f6lgelerinde yayg\u0131nl\u0131k g\u00f6steren Nusra Cephesi ter\u00f6r \u00f6rg\u00fct\u00fc ve ona ba\u011fl\u0131 su\u00e7 \u00e7etelerinin 24 Aral\u0131k 2016 tarihinde \u015eam kentine i\u00e7me suyu sa\u011flayan \u015febekeye y\u00f6nelik bombal\u0131 sald\u0131r\u0131 d\u00fczenlediklerini belirtti.<\/p>\n<p>Silahl\u0131 ter\u00f6r gruplar\u0131n\u0131n \u015eam Kentini besleyen i\u00e7me suyu \u015febekesini patlatarak tahrip etmekle yetinmediklerine de\u011finen bakanl\u0131k; ayr\u0131ca su \u015febekesine zararl\u0131 maddeler atarak su hatlar\u0131n\u0131n %80 oran\u0131nda hizmet d\u0131\u015f\u0131 kalmas\u0131na yol a\u00e7t\u0131klar\u0131n\u0131 belirtti.<\/p>\n<p>\u015eam\u2019da 7 milyon vatanda\u015f ya\u015fad\u0131\u011f\u0131na i\u015faret eden bakanl\u0131k sular\u0131n kesilmesinin kentte b\u00fcy\u00fck bir faciaya yol a\u00e7abilece\u011finin alt\u0131n\u0131 \u00e7izdi.<\/p>\n<p>Suriye H\u00fck\u00fcmetinin vatanda\u015fa hizmet ve sorumluluk bilinci kapsam\u0131nda ihtiyat kuyular\u0131n\u0131 devreye sokarak vatanda\u015flara i\u00e7me suyu da\u011f\u0131tt\u0131\u011f\u0131n\u0131 ve vatanda\u015flar\u0131n acil ihtiya\u00e7lar\u0131n\u0131n kar\u015f\u0131lanmas\u0131 i\u00e7in alternatif y\u00f6ntemler geli\u015ftirmeye ba\u015flad\u0131\u011f\u0131n\u0131 dile getiren Bakanl\u0131k, ayr\u0131ca b\u00f6lgedeki sular\u0131n i\u00e7me-kullan\u0131m uygunlu\u011funun incelemelerinin devam etti\u011fini aktard\u0131.<\/p>\n<p>Nusra Cephesi ve I\u015e\u0130D ter\u00f6r \u00f6rg\u00fctlerinin ve onlara ba\u011fl\u0131 su\u00e7 \u00e7etelerinin i\u015fledi\u011fi su\u00e7lar\u0131n Fransa, \u0130ngiltere, ABD gibi kimi Bat\u0131l\u0131 ve G\u00fcvenlik Konseyi \u00fcyesi devletlerin yan\u0131 s\u0131ra b\u00f6lgede Suudi Arabistan, Katar ve T\u00fcrkiye gibi uzant\u0131lar\u0131 taraf\u0131ndan \u00f6rtbas edildi\u011fini ifade eden Bakanl\u0131k; bu durumun, Suriye\u2019nin hi\u00e7bir taviz vermeden m\u00fccadele etti\u011fi silahl\u0131 ter\u00f6r gruplar\u0131n\u0131n i\u015fledikleri su\u00e7lar\u0131 normalle\u015ftirdi\u011fini belirtti.<\/p>\n<p>Sivil vatanda\u015flar\u0131n kullanma ve i\u00e7me sular\u0131n\u0131n kesilmesinin insanl\u0131k d\u0131\u015f\u0131 bir sava\u015f su\u00e7u oldu\u011funun alt\u0131n\u0131 \u00e7izen Bakanl\u0131k; silahl\u0131 ter\u00f6r gruplar\u0131n\u0131n, destek\u00e7ileri olan h\u00fck\u00fcmetlerden ald\u0131klar\u0131 emir ve talimatlarla hareket ettiklerine dikkat \u00e7ekerek ter\u00f6r\u00fc destekleyen h\u00fck\u00fcmetlerin uluslararas\u0131 yasalar\u0131 hi\u00e7e sayarak ve sayg\u0131s\u0131zca s\u00f6z konusu \u00e7eteleri \u201cMutedil Silahl\u0131 Muhalefet\u201d \u015feklinde isimlendirmesinin de i\u015flenen insanl\u0131k d\u0131\u015f\u0131 su\u00e7u te\u015fvik etti\u011fini ekledi.<\/p>\n<p>Suriye vatanda\u015flar\u0131n\u0131n haklar\u0131n\u0131n ve insan haklar\u0131n\u0131n korunmas\u0131na \u00f6nem verdi\u011fini iddia eden devletlerin b\u00fct\u00fcn d\u00fcnyan\u0131n g\u00f6zlerinin \u00f6n\u00fcnde i\u015flenen bu insanl\u0131k d\u0131\u015f\u0131 su\u00e7 kar\u015f\u0131s\u0131ndaki sessizli\u011finin \u00fcz\u00fcnt\u00fc verici oldu\u011funa de\u011finilen mektuplarda; uluslararas\u0131 \u00f6rg\u00fct kapsam\u0131nda ya da farkl\u0131 zeminlerde silahl\u0131 ter\u00f6r gruplar\u0131n\u0131 destekleyecek kararlar \u00e7\u0131kar\u0131lmas\u0131 y\u00f6n\u00fcndeki s\u00f6ylem ve taleplerin Suriye&#8217;de ya\u015fanan krizi \u00e7\u00f6zmek yerine tamamen ter\u00f6re hizmet etti\u011fini vurgulad\u0131.<\/p>\n<p>Suriye\u2019nin, G\u00fcvenlik Konseyi ve BM \u00fcyesi devletlerden sivilleri al\u00e7ak\u00e7a hedef alan ter\u00f6ristlerin i\u015fledikleri insanl\u0131k d\u0131\u015f\u0131 su\u00e7lar\u0131 k\u0131namas\u0131 talebine yer verilen mektuplarda ayr\u0131ca G\u00fcvenlik Konseyi ve BM\u2019nin, vatanda\u015flara yeniden i\u00e7me \u2013 kullanma suyu temin edilmesinde Suriye H\u00fck\u00fcmetini desteklemek i\u00e7in gerekli icraatlar\u0131 almas\u0131 gerekti\u011fini ve Suriye&#8217;de ter\u00f6r\u00fc destekleyen-finanse eden rejimlerle ilgili yapt\u0131r\u0131mlar\u0131n uygulanmas\u0131 gere\u011fini vurgulad\u0131.<\/p>\n","protected":false},"excerpt":{"rendered":"<p>\u015eAM \u2013 D\u0131\u015fi\u015fleri ve Gurbet\u00e7iler Bakanl\u0131\u011f\u0131, silahl\u0131 ter\u00f6r gruplar\u0131n\u0131n ba\u015fta Halep ve \u015eam olmak \u00fczere b\u00fcy\u00fck kentlerde i\u015fledikleri su\u00e7lar silsilesine sivil vatanda\u015flar\u0131n i\u00e7me &#8211; kullanma sular\u0131n\u0131n kesilmesini eklemelerinin, uluslararas\u0131 yasalar\u0131n \u00e7i\u011fnendi\u011fi bir sava\u015f ve insanl\u0131k su\u00e7u oldu\u011funu ifade etti. Bakanl\u0131k; BM Genel Sekreteri ve G\u00fcvenlik Konseyi Ba\u015fkan\u0131na g\u00f6nderdi\u011fi birbirine iki e\u015f mektupta; kimilerinin \u201cMutedil\u201d olarak &hellip;<\/p>\n","protected":false},"author":1,"featured_media":93405,"comment_status":"closed","ping_status":"closed","sticky":false,"template":"","format":"standard","meta":{"footnotes":""},"categories":[479,17988,478],"tags":[26493,26492,26494],"class_list":["post-100584","post","type-post","status-publish","format-standard","has-post-thumbnail","","category-haberler-yerel","category-son-haberler","category-yerel","tag-bm-genel-sekreteri-ve-guvenlik-konseyi-baskanina-birbirine-iki-es-mektup","tag-disisleri-bakanligi-buyuk-kentlerde-sularin-kesilmesi-insanlik-disi-bir-suctur","tag-uluslararasi-yasalarin-cignendigi-bir-savas-ve-insanlik-sucu"],"_links":{"self":[{"href":"https:\/\/archive.sana.sy\/tr\/index.php?rest_route=\/wp\/v2\/posts\/100584","targetHints":{"allow":["GET"]}}],"collection":[{"href":"https:\/\/archive.sana.sy\/tr\/index.php?rest_route=\/wp\/v2\/posts"}],"about":[{"href":"https:\/\/archive.sana.sy\/tr\/index.php?rest_route=\/wp\/v2\/types\/post"}],"author":[{"embeddable":true,"href":"https:\/\/archive.sana.sy\/tr\/index.php?rest_route=\/wp\/v2\/users\/1"}],"replies":[{"embeddable":true,"href":"https:\/\/archive.sana.sy\/tr\/index.php?rest_route=%2Fwp%2Fv2%2Fcomments&post=100584"}],"version-history":[{"count":0,"href":"https:\/\/archive.sana.sy\/tr\/index.php?rest_route=\/wp\/v2\/posts\/100584\/revisions"}],"wp:featuredmedia":[{"embeddable":true,"href":"https:\/\/archive.sana.sy\/tr\/index.php?rest_route=\/wp\/v2\/media\/93405"}],"wp:attachment":[{"href":"https:\/\/archive.sana.sy\/tr\/index.php?rest_route=%2Fwp%2Fv2%2Fmedia&parent=100584"}],"wp:term":[{"taxonomy":"category","embeddable":true,"href":"https:\/\/archive.sana.sy\/tr\/index.php?rest_route=%2Fwp%2Fv2%2Fcategories&post=100584"},{"taxonomy":"post_tag","embeddable":true,"href":"https:\/\/archive.sana.sy\/tr\/index.php?rest_route=%2Fwp%2Fv2%2Ftags&post=100584"}],"curies":[{"name":"wp","href":"https:\/\/api.w.org\/{rel}","templated":true}]}}