{"id":100751,"date":"2017-01-07T17:18:18","date_gmt":"2017-01-07T15:18:18","guid":{"rendered":"http:\/\/www.sana.sy\/tr\/?p=100751"},"modified":"2017-01-08T12:20:57","modified_gmt":"2017-01-08T10:20:57","slug":"ozel-mulklerde-dahil-tum-onarim-calismalari-ucretsiz-olacak","status":"publish","type":"post","link":"https:\/\/archive.sana.sy\/tr\/?p=100751","title":{"rendered":"\u00d6zel M\u00fclklerde Dahil T\u00fcm Onar\u0131m \u00c7al\u0131\u015fmalar\u0131 \u00dccretsiz Olacak"},"content":{"rendered":"<p>LAZK\u0130YE \u2013 Askeri \u0130n\u015faat Kurumu Lazkiye \u0130l M\u00fcd\u00fcrl\u00fc\u011f\u00fc; iki g\u00fcn \u00f6nce Ceble Kentinde meydana gelen bombal\u0131 ter\u00f6r eylemi sonucunda \u00f6zel ve kamu m\u00fclklerde meydana gelen t\u00fcm hasar\u0131 onarma taahh\u00fcd\u00fcnde bulundu.<\/p>\n<p>Kurum \u0130l M\u00fcd\u00fcr\u00fc Muhanned Muhammed SANA muhabirine a\u00e7\u0131klamalar\u0131nda; m\u00fcd\u00fcrl\u00fc\u011fe tabi ekiplerin d\u00fcn b\u00f6lgede \u00f6zel ve kamu m\u00fclklerde meydana gelen t\u00fcm hasar ve onar\u0131m\u0131 i\u00e7in gerekli malzemeleri tespit etme \u00e7al\u0131\u015fmalar\u0131nda bulunduklar\u0131n\u0131 ifade etti. Muhammed ekiplerin bu g\u00fcnde onar\u0131m \u00e7al\u0131\u015fmalar\u0131na ba\u015flad\u0131klar\u0131n\u0131 belirtirken, ter\u00f6r eylemi sonucunda evlerde, i\u015fyerlerinde, hizmet \u015febekeleri ve devlet binalar\u0131nda meydana gelen t\u00fcm hasarlar\u0131n \u00fccretsiz olarak onar\u0131laca\u011f\u0131n\u0131 aktard\u0131.<\/p>\n<p>Muhammed b\u00f6lgede hasar g\u00f6ren i\u015fyerlerinin t\u00fcm cephelerinin ortak \u015fekilde onar\u0131laca\u011f\u0131n\u0131 ifade ederken, bu cephelere de Suriye bayra\u011f\u0131n\u0131n resmedilece\u011fini s\u00f6yledi.<\/p>\n","protected":false},"excerpt":{"rendered":"<p>LAZK\u0130YE \u2013 Askeri \u0130n\u015faat Kurumu Lazkiye \u0130l M\u00fcd\u00fcrl\u00fc\u011f\u00fc; iki g\u00fcn \u00f6nce Ceble Kentinde meydana gelen bombal\u0131 ter\u00f6r eylemi sonucunda \u00f6zel ve kamu m\u00fclklerde meydana gelen t\u00fcm hasar\u0131 onarma taahh\u00fcd\u00fcnde bulundu. Kurum \u0130l M\u00fcd\u00fcr\u00fc Muhanned Muhammed SANA muhabirine a\u00e7\u0131klamalar\u0131nda; m\u00fcd\u00fcrl\u00fc\u011fe tabi ekiplerin d\u00fcn b\u00f6lgede \u00f6zel ve kamu m\u00fclklerde meydana gelen t\u00fcm hasar ve onar\u0131m\u0131 i\u00e7in gerekli &hellip;<\/p>\n","protected":false},"author":1,"featured_media":100485,"comment_status":"closed","ping_status":"closed","sticky":false,"template":"","format":"standard","meta":{"footnotes":""},"categories":[479,17988,478],"tags":[26525],"class_list":["post-100751","post","type-post","status-publish","format-standard","has-post-thumbnail","","category-haberler-yerel","category-son-haberler","category-yerel","tag-ozel-mulklerde-dahil-tum-onarim-calismalari-ucretsiz-olacak"],"_links":{"self":[{"href":"https:\/\/archive.sana.sy\/tr\/index.php?rest_route=\/wp\/v2\/posts\/100751","targetHints":{"allow":["GET"]}}],"collection":[{"href":"https:\/\/archive.sana.sy\/tr\/index.php?rest_route=\/wp\/v2\/posts"}],"about":[{"href":"https:\/\/archive.sana.sy\/tr\/index.php?rest_route=\/wp\/v2\/types\/post"}],"author":[{"embeddable":true,"href":"https:\/\/archive.sana.sy\/tr\/index.php?rest_route=\/wp\/v2\/users\/1"}],"replies":[{"embeddable":true,"href":"https:\/\/archive.sana.sy\/tr\/index.php?rest_route=%2Fwp%2Fv2%2Fcomments&post=100751"}],"version-history":[{"count":0,"href":"https:\/\/archive.sana.sy\/tr\/index.php?rest_route=\/wp\/v2\/posts\/100751\/revisions"}],"wp:featuredmedia":[{"embeddable":true,"href":"https:\/\/archive.sana.sy\/tr\/index.php?rest_route=\/wp\/v2\/media\/100485"}],"wp:attachment":[{"href":"https:\/\/archive.sana.sy\/tr\/index.php?rest_route=%2Fwp%2Fv2%2Fmedia&parent=100751"}],"wp:term":[{"taxonomy":"category","embeddable":true,"href":"https:\/\/archive.sana.sy\/tr\/index.php?rest_route=%2Fwp%2Fv2%2Fcategories&post=100751"},{"taxonomy":"post_tag","embeddable":true,"href":"https:\/\/archive.sana.sy\/tr\/index.php?rest_route=%2Fwp%2Fv2%2Ftags&post=100751"}],"curies":[{"name":"wp","href":"https:\/\/api.w.org\/{rel}","templated":true}]}}