{"id":100792,"date":"2017-01-07T22:42:45","date_gmt":"2017-01-07T20:42:45","guid":{"rendered":"http:\/\/www.sana.sy\/tr\/?p=100792"},"modified":"2017-01-08T10:02:57","modified_gmt":"2017-01-08T08:02:57","slug":"mariani-medyanin-aktardigi-tablo-ile-tanik-oldugumuz-tablo-arasinda-buyuk-fark-var","status":"publish","type":"post","link":"https:\/\/archive.sana.sy\/tr\/?p=100792","title":{"rendered":"Mariani: Medyan\u0131n Aktard\u0131\u011f\u0131 Tablo \u0130le Tan\u0131k Oldu\u011fumuz Tablo Aras\u0131nda B\u00fcy\u00fck Fark Var"},"content":{"rendered":"<p>HALEP \u2013 Parlamentocu ve Gazetecilerden olu\u015fan Frans\u0131z Heyet Halep\u2019te baz\u0131 sa\u011fl\u0131k kurulu\u015flar\u0131n\u0131, insani yard\u0131m kurulu\u015flar\u0131n\u0131 ve Cabrin Ge\u00e7ici \u0130kame Merkezine d\u00fczenledi\u011fi gezintilerle Halep ziyaretini noktalad\u0131.<\/p>\n<p><a href=\"http:\/\/www.sana.sy\/tr\/wp-content\/uploads\/2017\/01\/1-21.jpg\"><img loading=\"lazy\" decoding=\"async\" class=\"alignright wp-image-100796 size-medium\" src=\"http:\/\/www.sana.sy\/tr\/wp-content\/uploads\/2017\/01\/1-21-300x200.jpg\" width=\"300\" height=\"200\" srcset=\"https:\/\/archive.sana.sy\/tr\/wp-content\/uploads\/2017\/01\/1-21-300x200.jpg 300w, https:\/\/archive.sana.sy\/tr\/wp-content\/uploads\/2017\/01\/1-21-150x100.jpg 150w, https:\/\/archive.sana.sy\/tr\/wp-content\/uploads\/2017\/01\/1-21-768x512.jpg 768w, https:\/\/archive.sana.sy\/tr\/wp-content\/uploads\/2017\/01\/1-21-1024x683.jpg 1024w, https:\/\/archive.sana.sy\/tr\/wp-content\/uploads\/2017\/01\/1-21.jpg 1800w\" sizes=\"auto, (max-width: 300px) 100vw, 300px\" \/><\/a>Halep Valili\u011fi Meclis \u00dcyesi Abd\u00fclgani Kasab, Halep Valili\u011finin ilgili b\u00fct\u00fcn kurumlarla i\u015fbirli\u011fi ve koordinasyon i\u00e7erisinde ter\u00f6r ma\u011fduru vatanda\u015flar\u0131n b\u00fct\u00fcn ihtiya\u00e7lar\u0131n\u0131 g\u00f6z \u00f6n\u00fcnde bulundurarak ge\u00e7ici ikame merkezleri olu\u015fturdu\u011funu dile getirdi.<\/p>\n<p>Ge\u00e7ici ikame merkezlerinde yatak d\u00f6\u015fekten besleme, sa\u011fl\u0131k ve e\u011fitim hizmetlerine kadar vatanda\u015flar\u0131n b\u00fct\u00fcn ihtiya\u00e7lar\u0131n\u0131n kar\u015f\u0131land\u0131\u011f\u0131na de\u011finen Kasab; bu hizmetlerin devletin, b\u00fct\u00fcn vatan evlatlar\u0131na verdi\u011fi \u00f6nemin bir yans\u0131mas\u0131 oldu\u011funu belirtti.<\/p>\n<p>Heyet ge\u00e7ici ikame merkezinde bulunan odalar\u0131n yan\u0131 s\u0131ra 700 \u00f6\u011frencisiyle e\u011fitim \u00f6\u011fretime devam eden okullar\u0131 ve Halep Sa\u011fl\u0131k M\u00fcd\u00fcrl\u00fc\u011f\u00fcne ba\u011fl\u0131 muayenehaneleri gezdi.<\/p>\n<p>Halep \u00dcniversitesi Hastanesini de ziyaret eden heyet \u00fcyeleri Hastane Genel M\u00fcd\u00fcr\u00fc \u0130brahim el Hadid\u2019in, hastanede vatanda\u015flara sunulan hizmetlerle ilgili anlat\u0131mlar\u0131n\u0131 dinlediler.<\/p>\n<p><a href=\"http:\/\/www.sana.sy\/tr\/wp-content\/uploads\/2017\/01\/2-17.jpg\"><img loading=\"lazy\" decoding=\"async\" class=\"alignright wp-image-100797 size-medium\" src=\"http:\/\/www.sana.sy\/tr\/wp-content\/uploads\/2017\/01\/2-17-300x200.jpg\" width=\"300\" height=\"200\" srcset=\"https:\/\/archive.sana.sy\/tr\/wp-content\/uploads\/2017\/01\/2-17-300x200.jpg 300w, https:\/\/archive.sana.sy\/tr\/wp-content\/uploads\/2017\/01\/2-17-150x100.jpg 150w, https:\/\/archive.sana.sy\/tr\/wp-content\/uploads\/2017\/01\/2-17-768x512.jpg 768w, https:\/\/archive.sana.sy\/tr\/wp-content\/uploads\/2017\/01\/2-17-1024x683.jpg 1024w, https:\/\/archive.sana.sy\/tr\/wp-content\/uploads\/2017\/01\/2-17.jpg 1736w\" sizes=\"auto, (max-width: 300px) 100vw, 300px\" \/><\/a>Silahl\u0131 ter\u00f6r gruplar\u0131n\u0131n aralar\u0131nda Ortado\u011fu\u2019nun en b\u00fcy\u00fck hastanesi olan Kendi Hastanesinin de yer ald\u0131\u011f\u0131 bir\u00e7ok hastaneye tahrip ettiklerini dile getiren Hadid; bu tablonun uluslararas\u0131 kamuoyuna aktar\u0131lmas\u0131 gerekti\u011fini belirterek Suriyelilere tek tarafl\u0131 olarak dayat\u0131lan uluslararas\u0131 kat\u0131 yapt\u0131r\u0131mlar\u0131n Suriye halk\u0131n\u0131n g\u00fcnl\u00fck ya\u015fam\u0131n\u0131n tamam\u0131na olumsuz yans\u0131d\u0131\u011f\u0131n\u0131 vurgulad\u0131.<\/p>\n<p>Suriye K\u0131z\u0131lay Halep Ofisi ve Reca Hastanesini de ziyaret eden Frans\u0131z heyet buralarda vatanda\u015flara verilen hizmetlere ili\u015fkin anlat\u0131mlar\u0131 dinledi.<\/p>\n<p>Gezintilerinin sonunda gazetecilere a\u00e7\u0131klama yapan Frans\u0131z Heyet Ba\u015fkan\u0131 Thierry Mariani; Halep ziyaretleri s\u0131ras\u0131nda tan\u0131k olduklar\u0131 tabloyla uluslararas\u0131 ve Arap medya ara\u00e7lar\u0131n\u0131n aktard\u0131klar\u0131 tablonun birbirinden tamamen farkl\u0131 oldu\u011funu dile getirerek Halep kentinin b\u00fcy\u00fck bir y\u0131k\u0131ma tan\u0131k oldu\u011funu, bir\u00e7ok ailenin can\u0131n\u0131 kurtarmak i\u00e7in g\u00f6\u00e7 etmek zorunda b\u0131rak\u0131ld\u0131\u011f\u0131n\u0131 g\u00f6zlemlediklerinin alt\u0131n\u0131 \u00e7izdi.<\/p>\n<p>Mariani; Halep\u2019in ter\u00f6rden temizlenmesinden sonra gelinen bu a\u015famada as\u0131l d\u00fc\u015f\u00fcn\u00fclmesi gereken \u00f6nemli konunun yeniden in\u015fa s\u00fcrecinde Suriye ve halk\u0131na nas\u0131l yard\u0131m edilece\u011fi oldu\u011funu vurgulad\u0131.<\/p>\n<div id='gallery-1' class='gallery galleryid-100792 gallery-columns-2 gallery-size-medium'><figure class='gallery-item'>\n\t\t\t<div class='gallery-icon landscape'>\n\t\t\t\t<a href='https:\/\/archive.sana.sy\/tr\/wp-content\/uploads\/2017\/01\/3-13.jpg'><img loading=\"lazy\" decoding=\"async\" width=\"300\" height=\"200\" src=\"https:\/\/archive.sana.sy\/tr\/wp-content\/uploads\/2017\/01\/3-13-300x200.jpg\" class=\"attachment-medium size-medium\" alt=\"\" srcset=\"https:\/\/archive.sana.sy\/tr\/wp-content\/uploads\/2017\/01\/3-13-300x200.jpg 300w, https:\/\/archive.sana.sy\/tr\/wp-content\/uploads\/2017\/01\/3-13-150x100.jpg 150w, https:\/\/archive.sana.sy\/tr\/wp-content\/uploads\/2017\/01\/3-13-768x512.jpg 768w, https:\/\/archive.sana.sy\/tr\/wp-content\/uploads\/2017\/01\/3-13-1024x683.jpg 1024w, https:\/\/archive.sana.sy\/tr\/wp-content\/uploads\/2017\/01\/3-13.jpg 1800w\" sizes=\"auto, (max-width: 300px) 100vw, 300px\" \/><\/a>\n\t\t\t<\/div><\/figure><figure class='gallery-item'>\n\t\t\t<div class='gallery-icon landscape'>\n\t\t\t\t<a href='https:\/\/archive.sana.sy\/tr\/wp-content\/uploads\/2017\/01\/4-7.jpg'><img loading=\"lazy\" decoding=\"async\" width=\"300\" height=\"200\" src=\"https:\/\/archive.sana.sy\/tr\/wp-content\/uploads\/2017\/01\/4-7-300x200.jpg\" class=\"attachment-medium size-medium\" alt=\"\" srcset=\"https:\/\/archive.sana.sy\/tr\/wp-content\/uploads\/2017\/01\/4-7-300x200.jpg 300w, https:\/\/archive.sana.sy\/tr\/wp-content\/uploads\/2017\/01\/4-7-150x100.jpg 150w, https:\/\/archive.sana.sy\/tr\/wp-content\/uploads\/2017\/01\/4-7-768x512.jpg 768w, https:\/\/archive.sana.sy\/tr\/wp-content\/uploads\/2017\/01\/4-7-1024x683.jpg 1024w, https:\/\/archive.sana.sy\/tr\/wp-content\/uploads\/2017\/01\/4-7.jpg 1800w\" sizes=\"auto, (max-width: 300px) 100vw, 300px\" \/><\/a>\n\t\t\t<\/div><\/figure>\n\t\t<\/div>\n\n","protected":false},"excerpt":{"rendered":"<p>HALEP \u2013 Parlamentocu ve Gazetecilerden olu\u015fan Frans\u0131z Heyet Halep\u2019te baz\u0131 sa\u011fl\u0131k kurulu\u015flar\u0131n\u0131, insani yard\u0131m kurulu\u015flar\u0131n\u0131 ve Cabrin Ge\u00e7ici \u0130kame Merkezine d\u00fczenledi\u011fi gezintilerle Halep ziyaretini noktalad\u0131. Halep Valili\u011fi Meclis \u00dcyesi Abd\u00fclgani Kasab, Halep Valili\u011finin ilgili b\u00fct\u00fcn kurumlarla i\u015fbirli\u011fi ve koordinasyon i\u00e7erisinde ter\u00f6r ma\u011fduru vatanda\u015flar\u0131n b\u00fct\u00fcn ihtiya\u00e7lar\u0131n\u0131 g\u00f6z \u00f6n\u00fcnde bulundurarak ge\u00e7ici ikame merkezleri olu\u015fturdu\u011funu dile getirdi. Ge\u00e7ici &hellip;<\/p>\n","protected":false},"author":1,"featured_media":100795,"comment_status":"closed","ping_status":"closed","sticky":false,"template":"","format":"standard","meta":{"footnotes":""},"categories":[596,479,17988,478],"tags":[],"class_list":["post-100792","post","type-post","status-publish","format-standard","has-post-thumbnail","","category-fotografli-raporlar","category-haberler-yerel","category-son-haberler","category-yerel"],"_links":{"self":[{"href":"https:\/\/archive.sana.sy\/tr\/index.php?rest_route=\/wp\/v2\/posts\/100792","targetHints":{"allow":["GET"]}}],"collection":[{"href":"https:\/\/archive.sana.sy\/tr\/index.php?rest_route=\/wp\/v2\/posts"}],"about":[{"href":"https:\/\/archive.sana.sy\/tr\/index.php?rest_route=\/wp\/v2\/types\/post"}],"author":[{"embeddable":true,"href":"https:\/\/archive.sana.sy\/tr\/index.php?rest_route=\/wp\/v2\/users\/1"}],"replies":[{"embeddable":true,"href":"https:\/\/archive.sana.sy\/tr\/index.php?rest_route=%2Fwp%2Fv2%2Fcomments&post=100792"}],"version-history":[{"count":0,"href":"https:\/\/archive.sana.sy\/tr\/index.php?rest_route=\/wp\/v2\/posts\/100792\/revisions"}],"wp:featuredmedia":[{"embeddable":true,"href":"https:\/\/archive.sana.sy\/tr\/index.php?rest_route=\/wp\/v2\/media\/100795"}],"wp:attachment":[{"href":"https:\/\/archive.sana.sy\/tr\/index.php?rest_route=%2Fwp%2Fv2%2Fmedia&parent=100792"}],"wp:term":[{"taxonomy":"category","embeddable":true,"href":"https:\/\/archive.sana.sy\/tr\/index.php?rest_route=%2Fwp%2Fv2%2Fcategories&post=100792"},{"taxonomy":"post_tag","embeddable":true,"href":"https:\/\/archive.sana.sy\/tr\/index.php?rest_route=%2Fwp%2Fv2%2Ftags&post=100792"}],"curies":[{"name":"wp","href":"https:\/\/api.w.org\/{rel}","templated":true}]}}