{"id":100806,"date":"2017-01-08T15:35:18","date_gmt":"2017-01-08T13:35:18","guid":{"rendered":"http:\/\/www.sana.sy\/tr\/?p=100806"},"modified":"2017-01-09T15:27:02","modified_gmt":"2017-01-09T13:27:02","slug":"el-esad-fransiz-heyeti-kabul-etti-2","status":"publish","type":"post","link":"https:\/\/archive.sana.sy\/tr\/?p=100806","title":{"rendered":"El Esad: Fransa&#8217;n\u0131n Politikas\u0131 Ter\u00f6r\u00fcn Yay\u0131lmas\u0131na Katk\u0131 Sa\u011flad\u0131"},"content":{"rendered":"<p>\u015eAM \u2013 Cumhurba\u015fkan\u0131 Be\u015f\u015far el Esad bug\u00fcn sabah saatlerinde Asamble \u00fcyesi Thierry Mariani ba\u015fkanl\u0131\u011f\u0131nda Suriye\u2019yi ziyaret eden Fransa Ulusal Asambleden \u00fcyeler ve ayd\u0131nlardan olu\u015fan Frans\u0131z bir heyeti kabul etti.<\/p>\n<p>Halep Kentine ziyaretleri s\u0131ras\u0131nda d\u00fcn Halep Havaliman\u0131 yak\u0131nlar\u0131nda ter\u00f6ristler taraf\u0131ndan sald\u0131r\u0131ya maruz kalan Frans\u0131z heyetin selametinden emin olan el Esad; Suriye halk\u0131n\u0131n alt\u0131 y\u0131la yak\u0131n s\u00fcredir b\u00f6lgesel ve Bat\u0131l\u0131 devletler taraf\u0131ndan muhtelif t\u00fcr destek alan bu ter\u00f6ristlerin sald\u0131r\u0131lar\u0131na maruz kald\u0131\u011f\u0131na dikkat \u00e7ekti. El Esad bu ter\u00f6ristlerin sald\u0131r\u0131lar\u0131 sonucunda on binlerce Suriyelinin ya\u015fam\u0131n\u0131 yitirdi\u011fini, altyap\u0131 ve hizmet kurumlar\u0131n\u0131n da sabote edildi\u011fini kaydetti.<\/p>\n<p><a href=\"http:\/\/www.sana.sy\/tr\/wp-content\/uploads\/2017\/01\/01.jpg\"><img loading=\"lazy\" decoding=\"async\" class=\"alignright wp-image-100886 size-medium\" src=\"http:\/\/www.sana.sy\/tr\/wp-content\/uploads\/2017\/01\/01-300x156.jpg\" width=\"300\" height=\"156\" srcset=\"https:\/\/archive.sana.sy\/tr\/wp-content\/uploads\/2017\/01\/01-300x156.jpg 300w, https:\/\/archive.sana.sy\/tr\/wp-content\/uploads\/2017\/01\/01-150x78.jpg 150w, https:\/\/archive.sana.sy\/tr\/wp-content\/uploads\/2017\/01\/01-768x401.jpg 768w, https:\/\/archive.sana.sy\/tr\/wp-content\/uploads\/2017\/01\/01-1024x534.jpg 1024w\" sizes=\"auto, (max-width: 300px) 100vw, 300px\" \/><\/a>Frans\u0131z heyetin \u00f6zellikle Halep Kentine olmak \u00fczere Suriye&#8217;ye bulunduklar\u0131 ziyaret ve g\u00f6rd\u00fckleri ger\u00e7eklerin \u00f6nemine i\u015faret eden el Esad; bu ger\u00e7ekleri kendi g\u00f6zleriyle g\u00f6rmeleri ve tan\u0131k olmalar\u0131yla Suriye halk\u0131na y\u00f6nelik ter\u00f6r sald\u0131r\u0131lar\u0131 ve ya\u015fanan durumlar hakk\u0131nda objektif bir vizyon elde edebileceklerini kaydetti.<\/p>\n<p>Fransa\u2019n\u0131n Suriye konusunda izledi\u011fi politika konusunda ise Cumhurba\u015fkan\u0131 el Esad; Paris\u2019in mevcut s\u00fcre\u00e7 i\u00e7inde izledi\u011fi politikan\u0131n, Suriye&#8217;de sava\u015f\u0131n ger\u00e7e\u011finden tamamen uzak oldu\u011funu vurgulad\u0131. El Esad; Paris\u2019in sadece b\u00f6lge halklar\u0131na de\u011fil, Bat\u0131l\u0131 devletlerin halklar\u0131na da ciddi bir tehlike te\u015fkil edecek hale gelen ter\u00f6r\u00fc desteklemekle Suriye ve b\u00f6lgede durumlar\u0131n t\u0131rmanmas\u0131na ve ter\u00f6r\u00fcn yay\u0131lmas\u0131na yol a\u00e7t\u0131\u011f\u0131n\u0131n alt\u0131n\u0131 \u00e7izdi. S\u00f6zlerine devam eden el Esad, bunun ne Fransa halk\u0131 ba\u015fta olmak \u00fczere hi\u00e7 kimsenin \u00e7\u0131karlar\u0131na hizmet etmedi\u011finin alt\u0131n\u0131 \u00e7izdi.<\/p>\n<p>Frans\u0131z konuk heyet \u00fcyeleri ise \u00f6zellikle Halep olmak \u00fczere Suriye&#8217;ye bulunduklar\u0131 ziyaretlerinde Suriye ve halk\u0131n\u0131n maruz kald\u0131\u011f\u0131 sava\u015f\u0131n ger\u00e7e\u011fini irdelemelerine b\u00fcy\u00fck bir katk\u0131 sa\u011flad\u0131\u011f\u0131n\u0131n alt\u0131n\u0131 \u00e7izdi. G\u00f6rd\u00fckleri durumlarda sahada b\u00fcy\u00fck bir ilerlemeye tan\u0131k olduklar\u0131n\u0131 ifade eden heyet \u00fcyeleri; t\u00fcm bunlar\u0131n Suriye halk\u0131 ve ordusunun ter\u00f6re kar\u015f\u0131 m\u00fccadele g\u00fcc\u00fcyle birlikte g\u00fcvenlik ve istikrar\u0131 yeniden sa\u011flama g\u00fc\u00e7lerini net bir \u015fekilde ortaya koydu\u011funu ifade ettiler.<\/p>\n<p>Konuk heyet \u00fcyeleri Fransa halk\u0131 dahil olmak \u00fczere bat\u0131l\u0131 kamuoyunun Suriye ve b\u00f6lgede ya\u015fanan ger\u00e7eklerin do\u011fru ve d\u00fcr\u00fcst bir \u015fekilde kendisine aktar\u0131lmad\u0131\u011f\u0131n\u0131, medya ara\u00e7lar\u0131n\u0131n bu ger\u00e7ekleri \u00e7arp\u0131tt\u0131klar\u0131n\u0131 iyi bir \u015fekilde idrak etmeye ba\u015flad\u0131\u011f\u0131n\u0131n alt\u0131n\u0131 \u00e7izdi. Heyet \u00fcyeleri bu ger\u00e7ekleri Bat\u0131l\u0131 kamuoyuna aktarma \u00e7abalar\u0131nda bulunacaklar\u0131n\u0131 kaydettiler.<\/p>\n<div id='gallery-1' class='gallery galleryid-100806 gallery-columns-3 gallery-size-thumbnail'><figure class='gallery-item'>\n\t\t\t<div class='gallery-icon landscape'>\n\t\t\t\t<a href='https:\/\/archive.sana.sy\/tr\/?attachment_id=100886'><img loading=\"lazy\" decoding=\"async\" width=\"150\" height=\"78\" src=\"https:\/\/archive.sana.sy\/tr\/wp-content\/uploads\/2017\/01\/01-150x78.jpg\" class=\"attachment-thumbnail size-thumbnail\" alt=\"\" srcset=\"https:\/\/archive.sana.sy\/tr\/wp-content\/uploads\/2017\/01\/01-150x78.jpg 150w, https:\/\/archive.sana.sy\/tr\/wp-content\/uploads\/2017\/01\/01-300x156.jpg 300w, https:\/\/archive.sana.sy\/tr\/wp-content\/uploads\/2017\/01\/01-768x401.jpg 768w, https:\/\/archive.sana.sy\/tr\/wp-content\/uploads\/2017\/01\/01-1024x534.jpg 1024w\" sizes=\"auto, (max-width: 150px) 100vw, 150px\" \/><\/a>\n\t\t\t<\/div><\/figure><figure class='gallery-item'>\n\t\t\t<div class='gallery-icon landscape'>\n\t\t\t\t<a href='https:\/\/archive.sana.sy\/tr\/?attachment_id=100887'><img loading=\"lazy\" decoding=\"async\" width=\"150\" height=\"89\" src=\"https:\/\/archive.sana.sy\/tr\/wp-content\/uploads\/2017\/01\/02-150x89.jpg\" class=\"attachment-thumbnail size-thumbnail\" alt=\"\" srcset=\"https:\/\/archive.sana.sy\/tr\/wp-content\/uploads\/2017\/01\/02-150x89.jpg 150w, https:\/\/archive.sana.sy\/tr\/wp-content\/uploads\/2017\/01\/02-300x178.jpg 300w, https:\/\/archive.sana.sy\/tr\/wp-content\/uploads\/2017\/01\/02-768x455.jpg 768w, https:\/\/archive.sana.sy\/tr\/wp-content\/uploads\/2017\/01\/02-1024x606.jpg 1024w\" sizes=\"auto, (max-width: 150px) 100vw, 150px\" \/><\/a>\n\t\t\t<\/div><\/figure><figure class='gallery-item'>\n\t\t\t<div class='gallery-icon landscape'>\n\t\t\t\t<a href='https:\/\/archive.sana.sy\/tr\/?attachment_id=100888'><img loading=\"lazy\" decoding=\"async\" width=\"150\" height=\"89\" src=\"https:\/\/archive.sana.sy\/tr\/wp-content\/uploads\/2017\/01\/03-150x89.jpg\" class=\"attachment-thumbnail size-thumbnail\" alt=\"\" srcset=\"https:\/\/archive.sana.sy\/tr\/wp-content\/uploads\/2017\/01\/03-150x89.jpg 150w, https:\/\/archive.sana.sy\/tr\/wp-content\/uploads\/2017\/01\/03-300x178.jpg 300w, https:\/\/archive.sana.sy\/tr\/wp-content\/uploads\/2017\/01\/03-768x455.jpg 768w, https:\/\/archive.sana.sy\/tr\/wp-content\/uploads\/2017\/01\/03-1024x607.jpg 1024w\" sizes=\"auto, (max-width: 150px) 100vw, 150px\" \/><\/a>\n\t\t\t<\/div><\/figure>\n\t\t<\/div>\n\n","protected":false},"excerpt":{"rendered":"<p>\u015eAM \u2013 Cumhurba\u015fkan\u0131 Be\u015f\u015far el Esad bug\u00fcn sabah saatlerinde Asamble \u00fcyesi Thierry Mariani ba\u015fkanl\u0131\u011f\u0131nda Suriye\u2019yi ziyaret eden Fransa Ulusal Asambleden \u00fcyeler ve ayd\u0131nlardan olu\u015fan Frans\u0131z bir heyeti kabul etti. Halep Kentine ziyaretleri s\u0131ras\u0131nda d\u00fcn Halep Havaliman\u0131 yak\u0131nlar\u0131nda ter\u00f6ristler taraf\u0131ndan sald\u0131r\u0131ya maruz kalan Frans\u0131z heyetin selametinden emin olan el Esad; Suriye halk\u0131n\u0131n alt\u0131 y\u0131la yak\u0131n s\u00fcredir &hellip;<\/p>\n","protected":false},"author":1,"featured_media":100807,"comment_status":"closed","ping_status":"closed","sticky":false,"template":"","format":"standard","meta":{"footnotes":""},"categories":[608,479,605,17988,478],"tags":[26537],"class_list":["post-100806","post","type-post","status-publish","format-standard","has-post-thumbnail","","category-etkinlikler","category-haberler-yerel","category-sayin-cumhurbaskani","category-son-haberler","category-yerel","tag-el-esad-fransiz-heyeti-kabul-etti"],"_links":{"self":[{"href":"https:\/\/archive.sana.sy\/tr\/index.php?rest_route=\/wp\/v2\/posts\/100806","targetHints":{"allow":["GET"]}}],"collection":[{"href":"https:\/\/archive.sana.sy\/tr\/index.php?rest_route=\/wp\/v2\/posts"}],"about":[{"href":"https:\/\/archive.sana.sy\/tr\/index.php?rest_route=\/wp\/v2\/types\/post"}],"author":[{"embeddable":true,"href":"https:\/\/archive.sana.sy\/tr\/index.php?rest_route=\/wp\/v2\/users\/1"}],"replies":[{"embeddable":true,"href":"https:\/\/archive.sana.sy\/tr\/index.php?rest_route=%2Fwp%2Fv2%2Fcomments&post=100806"}],"version-history":[{"count":0,"href":"https:\/\/archive.sana.sy\/tr\/index.php?rest_route=\/wp\/v2\/posts\/100806\/revisions"}],"wp:featuredmedia":[{"embeddable":true,"href":"https:\/\/archive.sana.sy\/tr\/index.php?rest_route=\/wp\/v2\/media\/100807"}],"wp:attachment":[{"href":"https:\/\/archive.sana.sy\/tr\/index.php?rest_route=%2Fwp%2Fv2%2Fmedia&parent=100806"}],"wp:term":[{"taxonomy":"category","embeddable":true,"href":"https:\/\/archive.sana.sy\/tr\/index.php?rest_route=%2Fwp%2Fv2%2Fcategories&post=100806"},{"taxonomy":"post_tag","embeddable":true,"href":"https:\/\/archive.sana.sy\/tr\/index.php?rest_route=%2Fwp%2Fv2%2Ftags&post=100806"}],"curies":[{"name":"wp","href":"https:\/\/api.w.org\/{rel}","templated":true}]}}