{"id":100813,"date":"2017-01-08T08:40:42","date_gmt":"2017-01-08T06:40:42","guid":{"rendered":"http:\/\/www.sana.sy\/tr\/?p=100813"},"modified":"2017-01-08T14:01:24","modified_gmt":"2017-01-08T12:01:24","slug":"sam-cevre-kent-emniyet-mudurlugunde-bir-kaynak-sanaya-aciklamasinda-israilden-destek-ve-komuta-alan-teroristlerin-siddetli-etkiye-sahip-patlayici-ile-hazirlanmis-bombali-bir-araci-b","status":"publish","type":"post","link":"https:\/\/archive.sana.sy\/tr\/?p=100813","title":{"rendered":"\u015eam \u00c7evre Kent Emniyet M\u00fcd\u00fcrl\u00fc\u011f\u00fcnde bir kaynak SANA\u2019ya a\u00e7\u0131klamas\u0131nda; \u0130srail\u2019den destek ve komuta alan ter\u00f6ristlerin \u015fiddetli etkiye sahip patlay\u0131c\u0131 ile haz\u0131rlanm\u0131\u015f bombal\u0131 bir arac\u0131 ba\u015fkentin g\u00fcneybat\u0131 k\u0131rsal\u0131 Sasa Beldesi yak\u0131nlar\u0131nda yer alan Beyt Cin Beldesi yol kav\u015fa\u011f\u0131nda havaya u\u00e7urduklar\u0131n\u0131 belirtti"},"content":{"rendered":"<p>\u015eam \u00c7evre Kent Emniyet M\u00fcd\u00fcrl\u00fc\u011f\u00fcnde bir kaynak SANA\u2019ya a\u00e7\u0131klamas\u0131nda; \u0130srail\u2019den destek ve komuta alan ter\u00f6ristlerin \u015fiddetli etkiye sahip patlay\u0131c\u0131 ile haz\u0131rlanm\u0131\u015f bombal\u0131 bir arac\u0131 ba\u015fkentin g\u00fcneybat\u0131 k\u0131rsal\u0131 Sasa Beldesi yak\u0131nlar\u0131nda yer alan Beyt Cin Beldesi yol kav\u015fa\u011f\u0131nda havaya u\u00e7urduklar\u0131n\u0131 belirtti<\/p>\n","protected":false},"excerpt":{"rendered":"<p>\u015eam \u00c7evre Kent Emniyet M\u00fcd\u00fcrl\u00fc\u011f\u00fcnde bir kaynak SANA\u2019ya a\u00e7\u0131klamas\u0131nda; \u0130srail\u2019den destek ve komuta alan ter\u00f6ristlerin \u015fiddetli etkiye sahip patlay\u0131c\u0131 ile haz\u0131rlanm\u0131\u015f bombal\u0131 bir arac\u0131 ba\u015fkentin g\u00fcneybat\u0131 k\u0131rsal\u0131 Sasa Beldesi yak\u0131nlar\u0131nda yer alan Beyt Cin Beldesi yol kav\u015fa\u011f\u0131nda havaya u\u00e7urduklar\u0131n\u0131 belirtti<\/p>\n","protected":false},"author":1,"featured_media":0,"comment_status":"closed","ping_status":"closed","sticky":false,"template":"","format":"standard","meta":{"footnotes":""},"categories":[17991],"tags":[],"class_list":["post-100813","post","type-post","status-publish","format-standard","","category-son-dakika"],"_links":{"self":[{"href":"https:\/\/archive.sana.sy\/tr\/index.php?rest_route=\/wp\/v2\/posts\/100813","targetHints":{"allow":["GET"]}}],"collection":[{"href":"https:\/\/archive.sana.sy\/tr\/index.php?rest_route=\/wp\/v2\/posts"}],"about":[{"href":"https:\/\/archive.sana.sy\/tr\/index.php?rest_route=\/wp\/v2\/types\/post"}],"author":[{"embeddable":true,"href":"https:\/\/archive.sana.sy\/tr\/index.php?rest_route=\/wp\/v2\/users\/1"}],"replies":[{"embeddable":true,"href":"https:\/\/archive.sana.sy\/tr\/index.php?rest_route=%2Fwp%2Fv2%2Fcomments&post=100813"}],"version-history":[{"count":0,"href":"https:\/\/archive.sana.sy\/tr\/index.php?rest_route=\/wp\/v2\/posts\/100813\/revisions"}],"wp:attachment":[{"href":"https:\/\/archive.sana.sy\/tr\/index.php?rest_route=%2Fwp%2Fv2%2Fmedia&parent=100813"}],"wp:term":[{"taxonomy":"category","embeddable":true,"href":"https:\/\/archive.sana.sy\/tr\/index.php?rest_route=%2Fwp%2Fv2%2Fcategories&post=100813"},{"taxonomy":"post_tag","embeddable":true,"href":"https:\/\/archive.sana.sy\/tr\/index.php?rest_route=%2Fwp%2Fv2%2Ftags&post=100813"}],"curies":[{"name":"wp","href":"https:\/\/api.w.org\/{rel}","templated":true}]}}