{"id":100858,"date":"2017-01-08T12:00:29","date_gmt":"2017-01-08T10:00:29","guid":{"rendered":"http:\/\/www.sana.sy\/tr\/?p=100858"},"modified":"2017-01-09T10:46:40","modified_gmt":"2017-01-09T08:46:40","slug":"yardimlar-teror-magdurlarina-dagitilacak-video","status":"publish","type":"post","link":"https:\/\/archive.sana.sy\/tr\/?p=100858","title":{"rendered":"Yard\u0131mlar Ter\u00f6r Ma\u011fdurlar\u0131na Da\u011f\u0131t\u0131lacak (Video)"},"content":{"rendered":"<p>\u015eAM KIRSALI \u2013 \u015eam k\u0131rsal\u0131n\u0131n g\u00fcneybat\u0131s\u0131 Muaddamiye Kasabas\u0131nda bir k\u0131s\u0131m devletlerin Suriye ve halk\u0131na uygulad\u0131klar\u0131 yapt\u0131r\u0131mlar ve ter\u00f6r ma\u011fduru vatanda\u015flara da\u011f\u0131t\u0131lmak \u00fczere insani yard\u0131m ta\u015f\u0131yan ara\u00e7 konvoyu g\u00f6nderildi.<a href=\"http:\/\/www.sana.sy\/tr\/wp-content\/uploads\/2017\/01\/Muaddamiye-1.jpg\"><img loading=\"lazy\" decoding=\"async\" class=\"alignright wp-image-100863 size-medium\" src=\"http:\/\/www.sana.sy\/tr\/wp-content\/uploads\/2017\/01\/Muaddamiye-1-300x200.jpg\" width=\"300\" height=\"200\" srcset=\"https:\/\/archive.sana.sy\/tr\/wp-content\/uploads\/2017\/01\/Muaddamiye-1-300x200.jpg 300w, https:\/\/archive.sana.sy\/tr\/wp-content\/uploads\/2017\/01\/Muaddamiye-1-150x100.jpg 150w, https:\/\/archive.sana.sy\/tr\/wp-content\/uploads\/2017\/01\/Muaddamiye-1-768x512.jpg 768w, https:\/\/archive.sana.sy\/tr\/wp-content\/uploads\/2017\/01\/Muaddamiye-1-1024x683.jpg 1024w\" sizes=\"auto, (max-width: 300px) 100vw, 300px\" \/><\/a><\/p>\n<p>BM insani \u00e7al\u0131\u015fmalar koordinasyon ofisinden Rena Zakkut; muhtelif g\u0131da \u00fcr\u00fcnleri, t\u0131bbi gere\u00e7ler ve okul ihtiya\u00e7lar\u0131 ta\u015f\u0131yan 32 kamyonun Muaddamiye Kasabas\u0131na girdi\u011fini aktard\u0131. Zakkut BM insani yard\u0131m ofisi taraf\u0131ndan temin edilen s\u00f6z konusu yard\u0131mlar\u0131n aras\u0131nda ayr\u0131ca k\u0131\u015fl\u0131k giyim ve battaniyeler bulundu\u011funu s\u00f6zlerine ekledi. Yar\u0131m konvoyunda 8 bin g\u0131da paketinin bulundu\u011funu kaydeden Zakkut; bu yard\u0131mlardan kasabada bulunan yakla\u015f\u0131k 40 bin vatanda\u015f\u0131n faydalanaca\u011f\u0131n\u0131 s\u00f6zlerine ekledi.<\/p>\n<p>Muaddamiye Belediyesi Ba\u015fkan\u0131 Bessam Kerbuc ise bu yard\u0131mlar\u0131n, belediye ve yerel komitelerin belirledi\u011fi listeler kapsam\u0131nda ter\u00f6r ve yapt\u0131r\u0131m ma\u011fduru vatanda\u015flara da\u011f\u0131t\u0131laca\u011f\u0131n\u0131 ifade etti.<\/p>\n<p>Kerbuc kasabada ge\u00e7en Kas\u0131m ay\u0131nda sa\u011flanan ulusal uzla\u015fma ard\u0131ndan 1500\u2019den fazla ailenin evlerine d\u00f6nd\u00fc\u011f\u00fcne dikkat \u00e7ekerken, kasabada bulunan t\u00fcm devlet kurumlar\u0131 ve hizmet dairelerinin yeninden hizmete ba\u015flad\u0131\u011f\u0131n\u0131n alt\u0131n\u0131 \u00e7izdi.<\/p>\n<div id='gallery-1' class='gallery galleryid-100858 gallery-columns-2 gallery-size-thumbnail'><figure class='gallery-item'>\n\t\t\t<div class='gallery-icon landscape'>\n\t\t\t\t<a href='https:\/\/archive.sana.sy\/tr\/wp-content\/uploads\/2017\/01\/Muaddamiye-2.jpg'><img loading=\"lazy\" decoding=\"async\" width=\"150\" height=\"100\" src=\"https:\/\/archive.sana.sy\/tr\/wp-content\/uploads\/2017\/01\/Muaddamiye-2-150x100.jpg\" class=\"attachment-thumbnail size-thumbnail\" alt=\"\" srcset=\"https:\/\/archive.sana.sy\/tr\/wp-content\/uploads\/2017\/01\/Muaddamiye-2-150x100.jpg 150w, https:\/\/archive.sana.sy\/tr\/wp-content\/uploads\/2017\/01\/Muaddamiye-2-300x200.jpg 300w, https:\/\/archive.sana.sy\/tr\/wp-content\/uploads\/2017\/01\/Muaddamiye-2-768x512.jpg 768w, https:\/\/archive.sana.sy\/tr\/wp-content\/uploads\/2017\/01\/Muaddamiye-2-1024x683.jpg 1024w, https:\/\/archive.sana.sy\/tr\/wp-content\/uploads\/2017\/01\/Muaddamiye-2-310x205.jpg 310w\" sizes=\"auto, (max-width: 150px) 100vw, 150px\" \/><\/a>\n\t\t\t<\/div><\/figure><figure class='gallery-item'>\n\t\t\t<div class='gallery-icon landscape'>\n\t\t\t\t<a href='https:\/\/archive.sana.sy\/tr\/wp-content\/uploads\/2017\/01\/Muaddamiye-4.jpg'><img loading=\"lazy\" decoding=\"async\" width=\"150\" height=\"100\" src=\"https:\/\/archive.sana.sy\/tr\/wp-content\/uploads\/2017\/01\/Muaddamiye-4-150x100.jpg\" class=\"attachment-thumbnail size-thumbnail\" alt=\"\" srcset=\"https:\/\/archive.sana.sy\/tr\/wp-content\/uploads\/2017\/01\/Muaddamiye-4-150x100.jpg 150w, https:\/\/archive.sana.sy\/tr\/wp-content\/uploads\/2017\/01\/Muaddamiye-4-300x200.jpg 300w, https:\/\/archive.sana.sy\/tr\/wp-content\/uploads\/2017\/01\/Muaddamiye-4-768x512.jpg 768w, https:\/\/archive.sana.sy\/tr\/wp-content\/uploads\/2017\/01\/Muaddamiye-4-1024x683.jpg 1024w, https:\/\/archive.sana.sy\/tr\/wp-content\/uploads\/2017\/01\/Muaddamiye-4-310x205.jpg 310w\" sizes=\"auto, (max-width: 150px) 100vw, 150px\" \/><\/a>\n\t\t\t<\/div><\/figure>\n\t\t<\/div>\n\n<p>https:\/\/www.youtube.com\/watch?v=Eacdgsw7V8Y<\/p>\n<p>&nbsp;<\/p>\n","protected":false},"excerpt":{"rendered":"<p>\u015eAM KIRSALI \u2013 \u015eam k\u0131rsal\u0131n\u0131n g\u00fcneybat\u0131s\u0131 Muaddamiye Kasabas\u0131nda bir k\u0131s\u0131m devletlerin Suriye ve halk\u0131na uygulad\u0131klar\u0131 yapt\u0131r\u0131mlar ve ter\u00f6r ma\u011fduru vatanda\u015flara da\u011f\u0131t\u0131lmak \u00fczere insani yard\u0131m ta\u015f\u0131yan ara\u00e7 konvoyu g\u00f6nderildi. BM insani \u00e7al\u0131\u015fmalar koordinasyon ofisinden Rena Zakkut; muhtelif g\u0131da \u00fcr\u00fcnleri, t\u0131bbi gere\u00e7ler ve okul ihtiya\u00e7lar\u0131 ta\u015f\u0131yan 32 kamyonun Muaddamiye Kasabas\u0131na girdi\u011fini aktard\u0131. Zakkut BM insani yard\u0131m ofisi &hellip;<\/p>\n","protected":false},"author":1,"featured_media":100862,"comment_status":"closed","ping_status":"closed","sticky":false,"template":"","format":"standard","meta":{"footnotes":""},"categories":[479,17988,478],"tags":[26544,26542,26543,2297,26541,11549,19174,7657,26540],"class_list":["post-100858","post","type-post","status-publish","format-standard","has-post-thumbnail","","category-haberler-yerel","category-son-haberler","category-yerel","tag-bm-insani-calismalar-koordinasyon-ofisinden-rena-zakkut","tag-inasani-yardim-dagitimi","tag-muaddamiye-belediyesi-baskani-bessam-kerbuc","tag-sam-kirsali","tag-sam-kirsalinin-guneybatisi-muaddamiye","tag-suriye-ordusu","tag-suriyede-son-durumlar","tag-teror-orgutleri","tag-yardimlar-teror-magdurlarina-dagitilacak"],"_links":{"self":[{"href":"https:\/\/archive.sana.sy\/tr\/index.php?rest_route=\/wp\/v2\/posts\/100858","targetHints":{"allow":["GET"]}}],"collection":[{"href":"https:\/\/archive.sana.sy\/tr\/index.php?rest_route=\/wp\/v2\/posts"}],"about":[{"href":"https:\/\/archive.sana.sy\/tr\/index.php?rest_route=\/wp\/v2\/types\/post"}],"author":[{"embeddable":true,"href":"https:\/\/archive.sana.sy\/tr\/index.php?rest_route=\/wp\/v2\/users\/1"}],"replies":[{"embeddable":true,"href":"https:\/\/archive.sana.sy\/tr\/index.php?rest_route=%2Fwp%2Fv2%2Fcomments&post=100858"}],"version-history":[{"count":0,"href":"https:\/\/archive.sana.sy\/tr\/index.php?rest_route=\/wp\/v2\/posts\/100858\/revisions"}],"wp:featuredmedia":[{"embeddable":true,"href":"https:\/\/archive.sana.sy\/tr\/index.php?rest_route=\/wp\/v2\/media\/100862"}],"wp:attachment":[{"href":"https:\/\/archive.sana.sy\/tr\/index.php?rest_route=%2Fwp%2Fv2%2Fmedia&parent=100858"}],"wp:term":[{"taxonomy":"category","embeddable":true,"href":"https:\/\/archive.sana.sy\/tr\/index.php?rest_route=%2Fwp%2Fv2%2Fcategories&post=100858"},{"taxonomy":"post_tag","embeddable":true,"href":"https:\/\/archive.sana.sy\/tr\/index.php?rest_route=%2Fwp%2Fv2%2Ftags&post=100858"}],"curies":[{"name":"wp","href":"https:\/\/api.w.org\/{rel}","templated":true}]}}