{"id":100860,"date":"2017-01-08T14:45:31","date_gmt":"2017-01-08T12:45:31","guid":{"rendered":"http:\/\/www.sana.sy\/tr\/?p=100860"},"modified":"2017-01-09T10:48:38","modified_gmt":"2017-01-09T08:48:38","slug":"homs-ve-kirsalinda-130-kisi-af-kararindan-faydalandi","status":"publish","type":"post","link":"https:\/\/archive.sana.sy\/tr\/?p=100860","title":{"rendered":"Homs ve K\u0131rsal\u0131nda 130 Ki\u015fi Af Karar\u0131ndan Faydaland\u0131"},"content":{"rendered":"<p>HOMS \u2013 Homs Kentinin muhtelif semtlerine ek olarak il k\u0131rsal\u0131n\u0131n Resten, Telbise ve Mharram b\u00f6lgelerinde g\u00fcvenlik birimlerine teslim olan 130 kanun ka\u00e7a\u011f\u0131n\u0131n durumu 2016\/15 say\u0131l\u0131 genel af karar\u0131 kapsam\u0131nda yeniden d\u00fczenlenerek serbest b\u0131rak\u0131ld\u0131lar.<\/p>\n<p>Ulusal uzla\u015fma \u00e7abalar\u0131 kapsam\u0131nda af karar\u0131ndan faydalananlar ulusal g\u00fcvenli\u011fi tehdit edecek herhangi bir eyleme kat\u0131lmama taahh\u00fcd\u00fc imzalarken, vatan\u0131 savunmada \u015fanl\u0131 Suriye ordusuna destek olacaklar\u0131n\u0131 ifade etti.<\/p>\n<div id='gallery-1' class='gallery galleryid-100860 gallery-columns-4 gallery-size-thumbnail'><figure class='gallery-item'>\n\t\t\t<div class='gallery-icon landscape'>\n\t\t\t\t<a href='https:\/\/archive.sana.sy\/tr\/wp-content\/uploads\/2017\/01\/teslim-olma1.jpg'><img loading=\"lazy\" decoding=\"async\" width=\"150\" height=\"100\" src=\"https:\/\/archive.sana.sy\/tr\/wp-content\/uploads\/2017\/01\/teslim-olma1-150x100.jpg\" class=\"attachment-thumbnail size-thumbnail\" alt=\"\" srcset=\"https:\/\/archive.sana.sy\/tr\/wp-content\/uploads\/2017\/01\/teslim-olma1-150x100.jpg 150w, https:\/\/archive.sana.sy\/tr\/wp-content\/uploads\/2017\/01\/teslim-olma1-300x199.jpg 300w, https:\/\/archive.sana.sy\/tr\/wp-content\/uploads\/2017\/01\/teslim-olma1-310x205.jpg 310w, https:\/\/archive.sana.sy\/tr\/wp-content\/uploads\/2017\/01\/teslim-olma1.jpg 480w\" sizes=\"auto, (max-width: 150px) 100vw, 150px\" \/><\/a>\n\t\t\t<\/div><\/figure><figure class='gallery-item'>\n\t\t\t<div class='gallery-icon landscape'>\n\t\t\t\t<a href='https:\/\/archive.sana.sy\/tr\/wp-content\/uploads\/2017\/01\/teslim-olma2.jpg'><img loading=\"lazy\" decoding=\"async\" width=\"150\" height=\"97\" src=\"https:\/\/archive.sana.sy\/tr\/wp-content\/uploads\/2017\/01\/teslim-olma2-150x97.jpg\" class=\"attachment-thumbnail size-thumbnail\" alt=\"\" srcset=\"https:\/\/archive.sana.sy\/tr\/wp-content\/uploads\/2017\/01\/teslim-olma2-150x97.jpg 150w, https:\/\/archive.sana.sy\/tr\/wp-content\/uploads\/2017\/01\/teslim-olma2-300x193.jpg 300w, https:\/\/archive.sana.sy\/tr\/wp-content\/uploads\/2017\/01\/teslim-olma2.jpg 458w\" sizes=\"auto, (max-width: 150px) 100vw, 150px\" \/><\/a>\n\t\t\t<\/div><\/figure><figure class='gallery-item'>\n\t\t\t<div class='gallery-icon landscape'>\n\t\t\t\t<a href='https:\/\/archive.sana.sy\/tr\/wp-content\/uploads\/2017\/01\/teslim-olma3.jpg'><img loading=\"lazy\" decoding=\"async\" width=\"150\" height=\"98\" src=\"https:\/\/archive.sana.sy\/tr\/wp-content\/uploads\/2017\/01\/teslim-olma3-150x98.jpg\" class=\"attachment-thumbnail size-thumbnail\" alt=\"\" srcset=\"https:\/\/archive.sana.sy\/tr\/wp-content\/uploads\/2017\/01\/teslim-olma3-150x98.jpg 150w, https:\/\/archive.sana.sy\/tr\/wp-content\/uploads\/2017\/01\/teslim-olma3-300x196.jpg 300w, https:\/\/archive.sana.sy\/tr\/wp-content\/uploads\/2017\/01\/teslim-olma3-310x205.jpg 310w, https:\/\/archive.sana.sy\/tr\/wp-content\/uploads\/2017\/01\/teslim-olma3.jpg 470w\" sizes=\"auto, (max-width: 150px) 100vw, 150px\" \/><\/a>\n\t\t\t<\/div><\/figure><figure class='gallery-item'>\n\t\t\t<div class='gallery-icon landscape'>\n\t\t\t\t<a href='https:\/\/archive.sana.sy\/tr\/wp-content\/uploads\/2017\/01\/teslim-olma4.jpg'><img loading=\"lazy\" decoding=\"async\" width=\"150\" height=\"93\" src=\"https:\/\/archive.sana.sy\/tr\/wp-content\/uploads\/2017\/01\/teslim-olma4-150x93.jpg\" class=\"attachment-thumbnail size-thumbnail\" alt=\"\" srcset=\"https:\/\/archive.sana.sy\/tr\/wp-content\/uploads\/2017\/01\/teslim-olma4-150x93.jpg 150w, https:\/\/archive.sana.sy\/tr\/wp-content\/uploads\/2017\/01\/teslim-olma4-300x186.jpg 300w, https:\/\/archive.sana.sy\/tr\/wp-content\/uploads\/2017\/01\/teslim-olma4.jpg 480w\" sizes=\"auto, (max-width: 150px) 100vw, 150px\" \/><\/a>\n\t\t\t<\/div><\/figure>\n\t\t<\/div>\n\n","protected":false},"excerpt":{"rendered":"<p>HOMS \u2013 Homs Kentinin muhtelif semtlerine ek olarak il k\u0131rsal\u0131n\u0131n Resten, Telbise ve Mharram b\u00f6lgelerinde g\u00fcvenlik birimlerine teslim olan 130 kanun ka\u00e7a\u011f\u0131n\u0131n durumu 2016\/15 say\u0131l\u0131 genel af karar\u0131 kapsam\u0131nda yeniden d\u00fczenlenerek serbest b\u0131rak\u0131ld\u0131lar. Ulusal uzla\u015fma \u00e7abalar\u0131 kapsam\u0131nda af karar\u0131ndan faydalananlar ulusal g\u00fcvenli\u011fi tehdit edecek herhangi bir eyleme kat\u0131lmama taahh\u00fcd\u00fc imzalarken, vatan\u0131 savunmada \u015fanl\u0131 Suriye ordusuna &hellip;<\/p>\n","protected":false},"author":1,"featured_media":100945,"comment_status":"closed","ping_status":"closed","sticky":false,"template":"","format":"standard","meta":{"footnotes":""},"categories":[479,575,17988,478],"tags":[18363,17094,26545,19043,19034,11019,20555],"class_list":["post-100860","post","type-post","status-publish","format-standard","has-post-thumbnail","","category-haberler-yerel","category-olaylar-ve-gercekler","category-son-haberler","category-yerel","tag-af-karari","tag-serbest-birakilanlar","tag-silahlriyla-teslim-oldular","tag-suriyede-son-durum","tag-suriyeli-muhalifler","tag-teslim-olanlar","tag-ulusal-uzlsama"],"_links":{"self":[{"href":"https:\/\/archive.sana.sy\/tr\/index.php?rest_route=\/wp\/v2\/posts\/100860","targetHints":{"allow":["GET"]}}],"collection":[{"href":"https:\/\/archive.sana.sy\/tr\/index.php?rest_route=\/wp\/v2\/posts"}],"about":[{"href":"https:\/\/archive.sana.sy\/tr\/index.php?rest_route=\/wp\/v2\/types\/post"}],"author":[{"embeddable":true,"href":"https:\/\/archive.sana.sy\/tr\/index.php?rest_route=\/wp\/v2\/users\/1"}],"replies":[{"embeddable":true,"href":"https:\/\/archive.sana.sy\/tr\/index.php?rest_route=%2Fwp%2Fv2%2Fcomments&post=100860"}],"version-history":[{"count":0,"href":"https:\/\/archive.sana.sy\/tr\/index.php?rest_route=\/wp\/v2\/posts\/100860\/revisions"}],"wp:featuredmedia":[{"embeddable":true,"href":"https:\/\/archive.sana.sy\/tr\/index.php?rest_route=\/wp\/v2\/media\/100945"}],"wp:attachment":[{"href":"https:\/\/archive.sana.sy\/tr\/index.php?rest_route=%2Fwp%2Fv2%2Fmedia&parent=100860"}],"wp:term":[{"taxonomy":"category","embeddable":true,"href":"https:\/\/archive.sana.sy\/tr\/index.php?rest_route=%2Fwp%2Fv2%2Fcategories&post=100860"},{"taxonomy":"post_tag","embeddable":true,"href":"https:\/\/archive.sana.sy\/tr\/index.php?rest_route=%2Fwp%2Fv2%2Ftags&post=100860"}],"curies":[{"name":"wp","href":"https:\/\/api.w.org\/{rel}","templated":true}]}}