{"id":100861,"date":"2017-01-08T13:07:19","date_gmt":"2017-01-08T11:07:19","guid":{"rendered":"http:\/\/www.sana.sy\/tr\/?p=100861"},"modified":"2017-01-08T14:50:33","modified_gmt":"2017-01-08T12:50:33","slug":"homs-kentinin-muhtelif-semtlerine-ek-olarak-il-kirsalinin-resten-telbise-ve-mharram-bolgelerinde-guvenlik-birimlerine-teslim-olan-130-kanun-kacaginin-durumu-201615-sayili-genel-af-karari-kapsaminda-2","status":"publish","type":"post","link":"https:\/\/archive.sana.sy\/tr\/?p=100861","title":{"rendered":"Homs Kentinin muhtelif semtlerine ek olarak il k\u0131rsal\u0131n\u0131n Resten, Telbise ve Mharram b\u00f6lgelerinde g\u00fcvenlik birimlerine teslim olan 130 kanun ka\u00e7a\u011f\u0131n\u0131n durumu 2016\/15 say\u0131l\u0131 genel af karar\u0131 kapsam\u0131nda yeniden d\u00fczenlenerek serbest b\u0131rak\u0131ld\u0131lar"},"content":{"rendered":"<p>Homs Kentinin muhtelif semtlerine ek olarak il k\u0131rsal\u0131n\u0131n Resten, Telbise ve Mharram b\u00f6lgelerinde g\u00fcvenlik birimlerine teslim olan 130 kanun ka\u00e7a\u011f\u0131n\u0131n durumu 2016\/15 say\u0131l\u0131 genel af karar\u0131 kapsam\u0131nda yeniden d\u00fczenlenerek serbest b\u0131rak\u0131ld\u0131lar<\/p>\n","protected":false},"excerpt":{"rendered":"<p>Homs Kentinin muhtelif semtlerine ek olarak il k\u0131rsal\u0131n\u0131n Resten, Telbise ve Mharram b\u00f6lgelerinde g\u00fcvenlik birimlerine teslim olan 130 kanun ka\u00e7a\u011f\u0131n\u0131n durumu 2016\/15 say\u0131l\u0131 genel af karar\u0131 kapsam\u0131nda yeniden d\u00fczenlenerek serbest b\u0131rak\u0131ld\u0131lar<\/p>\n","protected":false},"author":1,"featured_media":0,"comment_status":"closed","ping_status":"closed","sticky":false,"template":"","format":"standard","meta":{"footnotes":""},"categories":[17991],"tags":[],"class_list":["post-100861","post","type-post","status-publish","format-standard","","category-son-dakika"],"_links":{"self":[{"href":"https:\/\/archive.sana.sy\/tr\/index.php?rest_route=\/wp\/v2\/posts\/100861","targetHints":{"allow":["GET"]}}],"collection":[{"href":"https:\/\/archive.sana.sy\/tr\/index.php?rest_route=\/wp\/v2\/posts"}],"about":[{"href":"https:\/\/archive.sana.sy\/tr\/index.php?rest_route=\/wp\/v2\/types\/post"}],"author":[{"embeddable":true,"href":"https:\/\/archive.sana.sy\/tr\/index.php?rest_route=\/wp\/v2\/users\/1"}],"replies":[{"embeddable":true,"href":"https:\/\/archive.sana.sy\/tr\/index.php?rest_route=%2Fwp%2Fv2%2Fcomments&post=100861"}],"version-history":[{"count":0,"href":"https:\/\/archive.sana.sy\/tr\/index.php?rest_route=\/wp\/v2\/posts\/100861\/revisions"}],"wp:attachment":[{"href":"https:\/\/archive.sana.sy\/tr\/index.php?rest_route=%2Fwp%2Fv2%2Fmedia&parent=100861"}],"wp:term":[{"taxonomy":"category","embeddable":true,"href":"https:\/\/archive.sana.sy\/tr\/index.php?rest_route=%2Fwp%2Fv2%2Fcategories&post=100861"},{"taxonomy":"post_tag","embeddable":true,"href":"https:\/\/archive.sana.sy\/tr\/index.php?rest_route=%2Fwp%2Fv2%2Ftags&post=100861"}],"curies":[{"name":"wp","href":"https:\/\/api.w.org\/{rel}","templated":true}]}}