{"id":100871,"date":"2017-01-08T13:11:28","date_gmt":"2017-01-08T11:11:28","guid":{"rendered":"http:\/\/www.sana.sy\/tr\/?p=100871"},"modified":"2017-01-08T14:50:00","modified_gmt":"2017-01-08T12:50:00","slug":"ulusal-uzlasma-cabalari-kapsaminda-af-kararindan-faydalananlar-ulusal-guvenligi-tehdit-edecek-herhangi-bir-eyleme-katilmama-taahhudu-imzalarken-vatani-savunmada-sanli-suriye-ordusuna-destek-olacaklar","status":"publish","type":"post","link":"https:\/\/archive.sana.sy\/tr\/?p=100871","title":{"rendered":"Ulusal uzla\u015fma \u00e7abalar\u0131 kapsam\u0131nda af karar\u0131ndan faydalananlar ulusal g\u00fcvenli\u011fi tehdit edecek herhangi bir eyleme kat\u0131lmama taahh\u00fcd\u00fc imzalarken, vatan\u0131 savunmada \u015fanl\u0131 Suriye ordusuna destek olacaklar\u0131n\u0131 ifade etti"},"content":{"rendered":"<p>Ulusal uzla\u015fma \u00e7abalar\u0131 kapsam\u0131nda af karar\u0131ndan faydalananlar ulusal g\u00fcvenli\u011fi tehdit edecek herhangi bir eyleme kat\u0131lmama taahh\u00fcd\u00fc imzalarken, vatan\u0131 savunmada \u015fanl\u0131 Suriye ordusuna destek olacaklar\u0131n\u0131 ifade etti<\/p>\n","protected":false},"excerpt":{"rendered":"<p>Ulusal uzla\u015fma \u00e7abalar\u0131 kapsam\u0131nda af karar\u0131ndan faydalananlar ulusal g\u00fcvenli\u011fi tehdit edecek herhangi bir eyleme kat\u0131lmama taahh\u00fcd\u00fc imzalarken, vatan\u0131 savunmada \u015fanl\u0131 Suriye ordusuna destek olacaklar\u0131n\u0131 ifade etti<\/p>\n","protected":false},"author":1,"featured_media":0,"comment_status":"closed","ping_status":"closed","sticky":false,"template":"","format":"standard","meta":{"footnotes":""},"categories":[17991],"tags":[],"class_list":["post-100871","post","type-post","status-publish","format-standard","","category-son-dakika"],"_links":{"self":[{"href":"https:\/\/archive.sana.sy\/tr\/index.php?rest_route=\/wp\/v2\/posts\/100871","targetHints":{"allow":["GET"]}}],"collection":[{"href":"https:\/\/archive.sana.sy\/tr\/index.php?rest_route=\/wp\/v2\/posts"}],"about":[{"href":"https:\/\/archive.sana.sy\/tr\/index.php?rest_route=\/wp\/v2\/types\/post"}],"author":[{"embeddable":true,"href":"https:\/\/archive.sana.sy\/tr\/index.php?rest_route=\/wp\/v2\/users\/1"}],"replies":[{"embeddable":true,"href":"https:\/\/archive.sana.sy\/tr\/index.php?rest_route=%2Fwp%2Fv2%2Fcomments&post=100871"}],"version-history":[{"count":0,"href":"https:\/\/archive.sana.sy\/tr\/index.php?rest_route=\/wp\/v2\/posts\/100871\/revisions"}],"wp:attachment":[{"href":"https:\/\/archive.sana.sy\/tr\/index.php?rest_route=%2Fwp%2Fv2%2Fmedia&parent=100871"}],"wp:term":[{"taxonomy":"category","embeddable":true,"href":"https:\/\/archive.sana.sy\/tr\/index.php?rest_route=%2Fwp%2Fv2%2Fcategories&post=100871"},{"taxonomy":"post_tag","embeddable":true,"href":"https:\/\/archive.sana.sy\/tr\/index.php?rest_route=%2Fwp%2Fv2%2Ftags&post=100871"}],"curies":[{"name":"wp","href":"https:\/\/api.w.org\/{rel}","templated":true}]}}