{"id":100920,"date":"2017-01-08T11:00:43","date_gmt":"2017-01-08T09:00:43","guid":{"rendered":"http:\/\/www.sana.sy\/tr\/?p=100920"},"modified":"2017-01-09T14:35:03","modified_gmt":"2017-01-09T12:35:03","slug":"radikal-teroristlerin-karargah-ve-siperleri-imha-edildi","status":"publish","type":"post","link":"https:\/\/archive.sana.sy\/tr\/?p=100920","title":{"rendered":"Radikal Ter\u00f6ristlerin Kararg\u00e2h ve Siperleri \u0130mha Edildi"},"content":{"rendered":"<p>HOMS \u2013 Ordu birliklerimiz radikal ter\u00f6r \u00f6rg\u00fctlere y\u00f6nelik yo\u011fun operasyonlar\u0131n\u0131 s\u00fcrd\u00fcrmeleriyle ara\u00e7 ve kararg\u00e2hlar\u0131n\u0131 muhtevalar\u0131yla imha etmeye devam etti.<\/p>\n<p>Askeri kaynak ordu birliklerimizin Homs Kentinin yakla\u015f\u0131k 90 km do\u011fusunda yer alan Teyyas Tepeleri ve D\u00f6rd\u00fcnc\u00fc \u0130stasyon b\u00f6lgelerinin do\u011fular\u0131nda I\u015e\u0130D mevkileri, karargah ve siperlerini muhtelif t\u00fcr silahlarla yo\u011fun ate\u015fe tuttuklar\u0131n\u0131 belirtti.<\/p>\n<p>Kaynak operasyonlarda tekfirci ter\u00f6r \u00f6rg\u00fct\u00fcne ait bir tank ve a\u011f\u0131r silahlarla donat\u0131lm\u0131\u015f iki arac\u0131n imha edildi\u011fini belirtirken, aralar\u0131nda tehlikeli isimlerin bulundu\u011fu \u00e7ok say\u0131da ter\u00f6ristin \u00f6ld\u00fcr\u00fcld\u00fc\u011f\u00fcn\u00fc kaydetti.<\/p>\n","protected":false},"excerpt":{"rendered":"<p>HOMS \u2013 Ordu birliklerimiz radikal ter\u00f6r \u00f6rg\u00fctlere y\u00f6nelik yo\u011fun operasyonlar\u0131n\u0131 s\u00fcrd\u00fcrmeleriyle ara\u00e7 ve kararg\u00e2hlar\u0131n\u0131 muhtevalar\u0131yla imha etmeye devam etti. Askeri kaynak ordu birliklerimizin Homs Kentinin yakla\u015f\u0131k 90 km do\u011fusunda yer alan Teyyas Tepeleri ve D\u00f6rd\u00fcnc\u00fc \u0130stasyon b\u00f6lgelerinin do\u011fular\u0131nda I\u015e\u0130D mevkileri, karargah ve siperlerini muhtelif t\u00fcr silahlarla yo\u011fun ate\u015fe tuttuklar\u0131n\u0131 belirtti. Kaynak operasyonlarda tekfirci ter\u00f6r \u00f6rg\u00fct\u00fcne &hellip;<\/p>\n","protected":false},"author":1,"featured_media":100922,"comment_status":"closed","ping_status":"closed","sticky":false,"template":"","format":"standard","meta":{"footnotes":""},"categories":[479,575,17988,478],"tags":[16865,2695,26557],"class_list":["post-100920","post","type-post","status-publish","format-standard","has-post-thumbnail","","category-haberler-yerel","category-olaylar-ve-gercekler","category-son-haberler","category-yerel","tag-homs-kenti","tag-ordu-birliklerimiz","tag-radikal-teroristlerin-karargah-ve-siperleri-imha-edildi"],"_links":{"self":[{"href":"https:\/\/archive.sana.sy\/tr\/index.php?rest_route=\/wp\/v2\/posts\/100920","targetHints":{"allow":["GET"]}}],"collection":[{"href":"https:\/\/archive.sana.sy\/tr\/index.php?rest_route=\/wp\/v2\/posts"}],"about":[{"href":"https:\/\/archive.sana.sy\/tr\/index.php?rest_route=\/wp\/v2\/types\/post"}],"author":[{"embeddable":true,"href":"https:\/\/archive.sana.sy\/tr\/index.php?rest_route=\/wp\/v2\/users\/1"}],"replies":[{"embeddable":true,"href":"https:\/\/archive.sana.sy\/tr\/index.php?rest_route=%2Fwp%2Fv2%2Fcomments&post=100920"}],"version-history":[{"count":0,"href":"https:\/\/archive.sana.sy\/tr\/index.php?rest_route=\/wp\/v2\/posts\/100920\/revisions"}],"wp:featuredmedia":[{"embeddable":true,"href":"https:\/\/archive.sana.sy\/tr\/index.php?rest_route=\/wp\/v2\/media\/100922"}],"wp:attachment":[{"href":"https:\/\/archive.sana.sy\/tr\/index.php?rest_route=%2Fwp%2Fv2%2Fmedia&parent=100920"}],"wp:term":[{"taxonomy":"category","embeddable":true,"href":"https:\/\/archive.sana.sy\/tr\/index.php?rest_route=%2Fwp%2Fv2%2Fcategories&post=100920"},{"taxonomy":"post_tag","embeddable":true,"href":"https:\/\/archive.sana.sy\/tr\/index.php?rest_route=%2Fwp%2Fv2%2Ftags&post=100920"}],"curies":[{"name":"wp","href":"https:\/\/api.w.org\/{rel}","templated":true}]}}