{"id":100924,"date":"2017-01-08T19:30:54","date_gmt":"2017-01-08T17:30:54","guid":{"rendered":"http:\/\/www.sana.sy\/tr\/?p=100924"},"modified":"2017-01-09T10:47:49","modified_gmt":"2017-01-09T08:47:49","slug":"teroristler-ihlallerini-surduruyor-3","status":"publish","type":"post","link":"https:\/\/archive.sana.sy\/tr\/?p=100924","title":{"rendered":"Ter\u00f6ristler \u0130hlallerini S\u00fcrd\u00fcr\u00fcyor"},"content":{"rendered":"<p>\u0130LLER \u2013 Belli ba\u015fl\u0131 devletlerin destek ve komutas\u0131nda faaliyet g\u00f6steren ter\u00f6ristler, Suriye&#8217;de sava\u015f\u0131n son bulmas\u0131 ve siyasi \u00e7\u00f6z\u00fcm \u00e7abalar\u0131n\u0131n sabote edilmesi y\u00f6n\u00fcnde ald\u0131klar\u0131 talimatlarla \u00e7at\u0131\u015fmalar\u0131n durdurulmas\u0131n\u0131 ihlal etmeye devam ediyor.<\/p>\n<p>\u015eam Emniyet M\u00fcd\u00fcrl\u00fc\u011f\u00fcnde bir kaynak SANA\u2019ya a\u00e7\u0131klamas\u0131nda Do\u011fu \u011euta\u2019da konu\u015flanan ve vahhabi Suudi Arabistan rejimine tabi olan radikal ter\u00f6ristlerin bug\u00fcn ak\u015fam saatlerinde ba\u015fkent \u015eam\u2019\u0131n sivil b\u00f6lgelerine f\u00fczeyle sald\u0131rd\u0131klar\u0131n\u0131 belirtti. Kaynak Abbasiler Stadyumu yak\u0131n\u0131nda d\u00fc\u015fen f\u00fcze sonucunda \u015fans eseri be\u015feri isabetlerin olmad\u0131\u011f\u0131n\u0131, fakat \u00f6zel ve kamu m\u00fclklerde maddi hasar\u0131n olu\u015ftu\u011funu aktard\u0131.<\/p>\n<p>\u0130dlib k\u0131rsal\u0131n\u0131n kuzeyinde ise \u2018Cey\u015ful Fetih\u2019 (Fetih Ordusu) ad\u0131yla bilinen ve Erdo\u011fan rejimine tabi olan \u00e7okuluslu radikal ve hain ter\u00f6ristlerden olu\u015fan ter\u00f6r \u00e7eteleri Rebia Kasabas\u0131n\u0131n yan\u0131 s\u0131ra d\u00f6rt y\u0131la a\u015fk\u0131n s\u00fcredir ku\u015fatma alt\u0131nda tuttuklar\u0131 Fua Beldesini yine f\u00fczelerle hedef ald\u0131klar\u0131n\u0131 aktard\u0131.<\/p>\n<p>Kaynaklar \u00e7at\u0131\u015fmalar\u0131n durdurulmas\u0131na a\u00e7\u0131k bir ihlal te\u015fkil eden s\u00f6z konusu ter\u00f6r sald\u0131r\u0131lar\u0131nda bir k\u0131s\u0131m vatanda\u015flar\u0131n \u015fehit ve yaral\u0131 d\u00fc\u015ft\u00fcklerine vurgu yapt\u0131.<\/p>\n","protected":false},"excerpt":{"rendered":"<p>\u0130LLER \u2013 Belli ba\u015fl\u0131 devletlerin destek ve komutas\u0131nda faaliyet g\u00f6steren ter\u00f6ristler, Suriye&#8217;de sava\u015f\u0131n son bulmas\u0131 ve siyasi \u00e7\u00f6z\u00fcm \u00e7abalar\u0131n\u0131n sabote edilmesi y\u00f6n\u00fcnde ald\u0131klar\u0131 talimatlarla \u00e7at\u0131\u015fmalar\u0131n durdurulmas\u0131n\u0131 ihlal etmeye devam ediyor. \u015eam Emniyet M\u00fcd\u00fcrl\u00fc\u011f\u00fcnde bir kaynak SANA\u2019ya a\u00e7\u0131klamas\u0131nda Do\u011fu \u011euta\u2019da konu\u015flanan ve vahhabi Suudi Arabistan rejimine tabi olan radikal ter\u00f6ristlerin bug\u00fcn ak\u015fam saatlerinde ba\u015fkent \u015eam\u2019\u0131n sivil &hellip;<\/p>\n","protected":false},"author":1,"featured_media":100925,"comment_status":"closed","ping_status":"closed","sticky":false,"template":"","format":"standard","meta":{"footnotes":""},"categories":[479,575,17988,478],"tags":[26558,23926],"class_list":["post-100924","post","type-post","status-publish","format-standard","has-post-thumbnail","","category-haberler-yerel","category-olaylar-ve-gercekler","category-son-haberler","category-yerel","tag-sam-emniyet-mudurlugu","tag-teroristler-ihlallerini-surduruyor"],"_links":{"self":[{"href":"https:\/\/archive.sana.sy\/tr\/index.php?rest_route=\/wp\/v2\/posts\/100924","targetHints":{"allow":["GET"]}}],"collection":[{"href":"https:\/\/archive.sana.sy\/tr\/index.php?rest_route=\/wp\/v2\/posts"}],"about":[{"href":"https:\/\/archive.sana.sy\/tr\/index.php?rest_route=\/wp\/v2\/types\/post"}],"author":[{"embeddable":true,"href":"https:\/\/archive.sana.sy\/tr\/index.php?rest_route=\/wp\/v2\/users\/1"}],"replies":[{"embeddable":true,"href":"https:\/\/archive.sana.sy\/tr\/index.php?rest_route=%2Fwp%2Fv2%2Fcomments&post=100924"}],"version-history":[{"count":0,"href":"https:\/\/archive.sana.sy\/tr\/index.php?rest_route=\/wp\/v2\/posts\/100924\/revisions"}],"wp:featuredmedia":[{"embeddable":true,"href":"https:\/\/archive.sana.sy\/tr\/index.php?rest_route=\/wp\/v2\/media\/100925"}],"wp:attachment":[{"href":"https:\/\/archive.sana.sy\/tr\/index.php?rest_route=%2Fwp%2Fv2%2Fmedia&parent=100924"}],"wp:term":[{"taxonomy":"category","embeddable":true,"href":"https:\/\/archive.sana.sy\/tr\/index.php?rest_route=%2Fwp%2Fv2%2Fcategories&post=100924"},{"taxonomy":"post_tag","embeddable":true,"href":"https:\/\/archive.sana.sy\/tr\/index.php?rest_route=%2Fwp%2Fv2%2Ftags&post=100924"}],"curies":[{"name":"wp","href":"https:\/\/api.w.org\/{rel}","templated":true}]}}