{"id":101027,"date":"2017-01-09T17:10:17","date_gmt":"2017-01-09T15:10:17","guid":{"rendered":"http:\/\/www.sana.sy\/tr\/?p=101027"},"modified":"2017-01-14T14:05:31","modified_gmt":"2017-01-14T12:05:31","slug":"el-esad-haminei-ve-ruhaniye-taziye-mesajlari-gonderdi","status":"publish","type":"post","link":"https:\/\/archive.sana.sy\/tr\/?p=101027","title":{"rendered":"El Esad Haminei ve Ruhaniye Taziye Mesajlar\u0131 G\u00f6nderdi"},"content":{"rendered":"<p>\u015eAM \u2013 Cumhurba\u015fkan\u0131 Be\u015f\u015far el Esad bug\u00fcn; \u0130ran eski ba\u015fkan\u0131 ve \u0130ran\u2019da Rejim \u00c7\u0131karlar\u0131n\u0131 G\u00f6zetleme Toplulu\u011fu Ba\u015fkan\u0131 Ali Ekber Ha\u015fimi Rafsancani\u2019nin vefat\u0131 nedeniyle \u0130ran \u0130slam Devrimi Lideri Ayet\u00fcllah Seyid Ali Haminei ve \u0130ran Cumhurba\u015fkan\u0131 Hasan Ruhani\u2019ye ayr\u0131 ayr\u0131 iki taziye mesaj\u0131 g\u00f6nderdi.<\/p>\n<p>El Esad taziye mesajlar\u0131nda merhum Rafsancani\u2019nin ya\u015fam\u0131 boyunca onur verici bir m\u00fccadele tarihine sahip oldu\u011funu ifade ederken, vefat\u0131n\u0131n ac\u0131 ve \u00fcz\u00fcnt\u00fc verici oldu\u011funu belirtti. Rafsancani\u2019nin hayat\u0131 boyunca \u0130ran ve halk\u0131n\u0131n \u00e7\u0131karlar\u0131na hizmet etti\u011fini kaydeden el Esad; bu ba\u011flamda tutumlar\u0131nda her daim kararl\u0131 ve iradeli oldu\u011funa i\u015faret etti.<\/p>\n<p>Cumhurba\u015fkan\u0131 el Esad; kendisi, Suriye h\u00fck\u00fcmeti ve halk\u0131 ad\u0131na \u0130ran ve dost halk\u0131n bu ac\u0131 kay\u0131ptan dolay\u0131 taziyelerini takdim ederken, merhuma rahmet \u0130ran halk\u0131 ve yak\u0131nlar\u0131na da sab\u0131r temennilerinde bulundu.<\/p>\n","protected":false},"excerpt":{"rendered":"<p>\u015eAM \u2013 Cumhurba\u015fkan\u0131 Be\u015f\u015far el Esad bug\u00fcn; \u0130ran eski ba\u015fkan\u0131 ve \u0130ran\u2019da Rejim \u00c7\u0131karlar\u0131n\u0131 G\u00f6zetleme Toplulu\u011fu Ba\u015fkan\u0131 Ali Ekber Ha\u015fimi Rafsancani\u2019nin vefat\u0131 nedeniyle \u0130ran \u0130slam Devrimi Lideri Ayet\u00fcllah Seyid Ali Haminei ve \u0130ran Cumhurba\u015fkan\u0131 Hasan Ruhani\u2019ye ayr\u0131 ayr\u0131 iki taziye mesaj\u0131 g\u00f6nderdi. El Esad taziye mesajlar\u0131nda merhum Rafsancani\u2019nin ya\u015fam\u0131 boyunca onur verici bir m\u00fccadele tarihine &hellip;<\/p>\n","protected":false},"author":1,"featured_media":101030,"comment_status":"closed","ping_status":"closed","sticky":false,"template":"","format":"standard","meta":{"footnotes":""},"categories":[605,17991,613],"tags":[16402,26594,26593,16820,26595,26596],"class_list":["post-101027","post","type-post","status-publish","format-standard","has-post-thumbnail","","category-sayin-cumhurbaskani","category-son-dakika","category-telgraflar","tag-cumhurbaskani-bessar-el-esad","tag-devrimi-lideri-ayetullah-seyid-ali-haminei","tag-el-esad-haminei-ve-ruhaniye-taziye-mesajlari-gonderdi","tag-iran-cumhurbaskani-hasan-ruhani","tag-rafsancani","tag-suriye-hukumeti-ve-halki-adina"],"_links":{"self":[{"href":"https:\/\/archive.sana.sy\/tr\/index.php?rest_route=\/wp\/v2\/posts\/101027","targetHints":{"allow":["GET"]}}],"collection":[{"href":"https:\/\/archive.sana.sy\/tr\/index.php?rest_route=\/wp\/v2\/posts"}],"about":[{"href":"https:\/\/archive.sana.sy\/tr\/index.php?rest_route=\/wp\/v2\/types\/post"}],"author":[{"embeddable":true,"href":"https:\/\/archive.sana.sy\/tr\/index.php?rest_route=\/wp\/v2\/users\/1"}],"replies":[{"embeddable":true,"href":"https:\/\/archive.sana.sy\/tr\/index.php?rest_route=%2Fwp%2Fv2%2Fcomments&post=101027"}],"version-history":[{"count":0,"href":"https:\/\/archive.sana.sy\/tr\/index.php?rest_route=\/wp\/v2\/posts\/101027\/revisions"}],"wp:featuredmedia":[{"embeddable":true,"href":"https:\/\/archive.sana.sy\/tr\/index.php?rest_route=\/wp\/v2\/media\/101030"}],"wp:attachment":[{"href":"https:\/\/archive.sana.sy\/tr\/index.php?rest_route=%2Fwp%2Fv2%2Fmedia&parent=101027"}],"wp:term":[{"taxonomy":"category","embeddable":true,"href":"https:\/\/archive.sana.sy\/tr\/index.php?rest_route=%2Fwp%2Fv2%2Fcategories&post=101027"},{"taxonomy":"post_tag","embeddable":true,"href":"https:\/\/archive.sana.sy\/tr\/index.php?rest_route=%2Fwp%2Fv2%2Ftags&post=101027"}],"curies":[{"name":"wp","href":"https:\/\/api.w.org\/{rel}","templated":true}]}}