{"id":101034,"date":"2017-01-09T20:55:12","date_gmt":"2017-01-09T18:55:12","guid":{"rendered":"http:\/\/www.sana.sy\/tr\/?p=101034"},"modified":"2017-01-10T09:49:51","modified_gmt":"2017-01-10T07:49:51","slug":"baspiskopos-cabucci-cenaze-toreni-ardindan-topraga-verildi","status":"publish","type":"post","link":"https:\/\/archive.sana.sy\/tr\/?p=101034","title":{"rendered":"Ba\u015fpiskopos Cabucci Cenaze T\u00f6reni Ard\u0131ndan Topra\u011fa Verildi"},"content":{"rendered":"<p>BEYRUT \u2013Cumhurba\u015fkan\u0131 Be\u015f\u015far el Esad\u2019\u0131n y\u00f6nlendirmeleriyle Suriye&#8217;nin Beyrut B\u00fcy\u00fckel\u00e7isi Ali Abd\u00fclkerim bug\u00fcn L\u00fcbnan\u2019\u0131n ba\u015fkenti Beyrut\u2019tun Antalyos B\u00f6lgesindeki Seyyide el B\u015fara Kilisesinde Kud\u00fcs\u2019\u00fcn s\u00fcrg\u00fcndeki ba\u015fpiskoposu ve Kud\u00fcs Genel Patri\u011fi Yard\u0131mc\u0131s\u0131 Hilarion Cabucci\u2019nin cenaze t\u00f6renine kat\u0131ld\u0131.<\/p>\n<p>Cenaze t\u00f6renini y\u00f6neten Antakya ve t\u00fcm Do\u011fu Rum Melkite Katolikler Patri\u011fi III. Grigorios Lahham; Suriye, L\u00fcbnan ve Filistin\u2019in ac\u0131 kayb\u0131 olan bu m\u00fccadeleci efsanenin Rum Melkite Katolikler Kilisesinin gurur kayna\u011f\u0131 oldu\u011funu belirtti. Patrik Lahham bu kayb\u0131n ayn\u0131 zamanda zafere ula\u015fan Halep\u2019in kayb\u0131 oldu\u011funu, iman\u0131n ba\u015fkenti Kud\u00fcs\u2019\u00fcn yan\u0131 s\u0131ra direni\u015f ve h\u00fcrriyetin kayb\u0131 oldu\u011funu ifade etti.<\/p>\n<p>Cenaze t\u00f6reni ard\u0131ndan merhum Ba\u015fpiskopos Cabucci\u2019nin na\u015f\u0131 vasiyeti \u00fczerine Serba Becuni B\u00f6lgesindeki Halepli rahipler mezarl\u0131\u011f\u0131nda topra\u011fa verildi.<\/p>\n","protected":false},"excerpt":{"rendered":"<p>BEYRUT \u2013Cumhurba\u015fkan\u0131 Be\u015f\u015far el Esad\u2019\u0131n y\u00f6nlendirmeleriyle Suriye&#8217;nin Beyrut B\u00fcy\u00fckel\u00e7isi Ali Abd\u00fclkerim bug\u00fcn L\u00fcbnan\u2019\u0131n ba\u015fkenti Beyrut\u2019tun Antalyos B\u00f6lgesindeki Seyyide el B\u015fara Kilisesinde Kud\u00fcs\u2019\u00fcn s\u00fcrg\u00fcndeki ba\u015fpiskoposu ve Kud\u00fcs Genel Patri\u011fi Yard\u0131mc\u0131s\u0131 Hilarion Cabucci\u2019nin cenaze t\u00f6renine kat\u0131ld\u0131. Cenaze t\u00f6renini y\u00f6neten Antakya ve t\u00fcm Do\u011fu Rum Melkite Katolikler Patri\u011fi III. Grigorios Lahham; Suriye, L\u00fcbnan ve Filistin\u2019in ac\u0131 kayb\u0131 olan &hellip;<\/p>\n","protected":false},"author":1,"featured_media":101035,"comment_status":"closed","ping_status":"closed","sticky":false,"template":"","format":"standard","meta":{"footnotes":""},"categories":[458,459,17988],"tags":[26602,26600,26603,26601],"class_list":["post-101034","post","type-post","status-publish","format-standard","has-post-thumbnail","","category-dunya1","category-haberler-arap-uluslararasi-politika","category-son-haberler","tag-baspiskopos-cabucci-cenaze-toreni-ardindan-topraga-verildi","tag-beyrut-buyukelcimiz-ali-abdulkerim","tag-cumhurbaskani-bessar-el-esadin-yonlendirmeleri","tag-metropolit-kebbucinin-cenaze-toreni"],"_links":{"self":[{"href":"https:\/\/archive.sana.sy\/tr\/index.php?rest_route=\/wp\/v2\/posts\/101034","targetHints":{"allow":["GET"]}}],"collection":[{"href":"https:\/\/archive.sana.sy\/tr\/index.php?rest_route=\/wp\/v2\/posts"}],"about":[{"href":"https:\/\/archive.sana.sy\/tr\/index.php?rest_route=\/wp\/v2\/types\/post"}],"author":[{"embeddable":true,"href":"https:\/\/archive.sana.sy\/tr\/index.php?rest_route=\/wp\/v2\/users\/1"}],"replies":[{"embeddable":true,"href":"https:\/\/archive.sana.sy\/tr\/index.php?rest_route=%2Fwp%2Fv2%2Fcomments&post=101034"}],"version-history":[{"count":0,"href":"https:\/\/archive.sana.sy\/tr\/index.php?rest_route=\/wp\/v2\/posts\/101034\/revisions"}],"wp:featuredmedia":[{"embeddable":true,"href":"https:\/\/archive.sana.sy\/tr\/index.php?rest_route=\/wp\/v2\/media\/101035"}],"wp:attachment":[{"href":"https:\/\/archive.sana.sy\/tr\/index.php?rest_route=%2Fwp%2Fv2%2Fmedia&parent=101034"}],"wp:term":[{"taxonomy":"category","embeddable":true,"href":"https:\/\/archive.sana.sy\/tr\/index.php?rest_route=%2Fwp%2Fv2%2Fcategories&post=101034"},{"taxonomy":"post_tag","embeddable":true,"href":"https:\/\/archive.sana.sy\/tr\/index.php?rest_route=%2Fwp%2Fv2%2Ftags&post=101034"}],"curies":[{"name":"wp","href":"https:\/\/api.w.org\/{rel}","templated":true}]}}